{"id":241190,"date":"2026-07-31T09:12:23","date_gmt":"2026-07-31T09:12:23","guid":{"rendered":"https:\/\/www.europesays.com\/ee\/241190\/"},"modified":"2026-07-31T09:12:23","modified_gmt":"2026-07-31T09:12:23","slug":"kas-oiguskantsler-ulle-madisel-tekiks-presidendiks-kandideerides-rollikonflikt","status":"publish","type":"post","link":"https:\/\/www.europesays.com\/ee\/241190\/","title":{"rendered":"Kas \u00f5iguskantsler \u00dclle Madisel tekiks presidendiks kandideerides rollikonflikt?"},"content":{"rendered":"<p>Suursoosik Eesti j\u00e4rgmiseks presidendiks on paljude arvates \u00f5iguskantsler \u00dclle Madise, kuid tema v\u00f5imalik presidendikandidaadiks asumine t\u00f5statab k\u00fcsimuse, kas ta saab j\u00e4tkata s\u00f5ltumatu \u00f5iguskantslerina, kui peab valimistel v\u00f5itlema riigikogu liikmete toetuse nimel.<\/p>\n<p>\u00abAmetis oleva \u00f5iguskantslerina ei soovi ega saa ma end siduda \u00fchegi erakonna, opositsiooni ega koalitsiooniga,\u00bb kommenteeris \u00f5iguskantsler \u00dclle Madise Postimehele.<\/p>\n","protected":false},"excerpt":{"rendered":"Suursoosik Eesti j\u00e4rgmiseks presidendiks on paljude arvates \u00f5iguskantsler \u00dclle Madise, kuid tema v\u00f5imalik presidendikandidaadiks asumine t\u00f5statab k\u00fcsimuse, kas&hellip;\n","protected":false},"author":2,"featured_media":241191,"comment_status":"","ping_status":"","sticky":false,"template":"","format":"standard","meta":{"footnotes":"","_share_on_mastodon":"0"},"categories":[5],"tags":[26,27,37,33,35,34,36,31,32,21,28,29,19,3458,25,640,23,24,22,3457,20,37890,31701,30],"class_list":["post-241190","post","type-post","status-publish","format-standard","has-post-thumbnail","category-uldised-uudised","tag-breaking-news","tag-breakingnews","tag-ee","tag-eesti","tag-eesti-keel","tag-estonia","tag-estonian","tag-featured-news","tag-featurednews","tag-headlines","tag-latest-news","tag-latestnews","tag-news","tag-oiguskantsler","tag-populaarseimad-lood","tag-riigikogu","tag-top-stories","tag-topstories","tag-uldised-uudised","tag-ulle-madise","tag-uudised","tag-vabariigi-president","tag-valimiskogu","tag-viimased-uudised"],"share_on_mastodon":{"url":"https:\/\/pubeurope.com\/@ee\/117013823253049851","error":""},"_links":{"self":[{"href":"https:\/\/www.europesays.com\/ee\/wp-json\/wp\/v2\/posts\/241190","targetHints":{"allow":["GET"]}}],"collection":[{"href":"https:\/\/www.europesays.com\/ee\/wp-json\/wp\/v2\/posts"}],"about":[{"href":"https:\/\/www.europesays.com\/ee\/wp-json\/wp\/v2\/types\/post"}],"author":[{"embeddable":true,"href":"https:\/\/www.europesays.com\/ee\/wp-json\/wp\/v2\/users\/2"}],"replies":[{"embeddable":true,"href":"https:\/\/www.europesays.com\/ee\/wp-json\/wp\/v2\/comments?post=241190"}],"version-history":[{"count":0,"href":"https:\/\/www.europesays.com\/ee\/wp-json\/wp\/v2\/posts\/241190\/revisions"}],"wp:featuredmedia":[{"embeddable":true,"href":"https:\/\/www.europesays.com\/ee\/wp-json\/wp\/v2\/media\/241191"}],"wp:attachment":[{"href":"https:\/\/www.europesays.com\/ee\/wp-json\/wp\/v2\/media?parent=241190"}],"wp:term":[{"taxonomy":"category","embeddable":true,"href":"https:\/\/www.europesays.com\/ee\/wp-json\/wp\/v2\/categories?post=241190"},{"taxonomy":"post_tag","embeddable":true,"href":"https:\/\/www.europesays.com\/ee\/wp-json\/wp\/v2\/tags?post=241190"}],"curies":[{"name":"wp","href":"https:\/\/api.w.org\/{rel}","templated":true}]}}