{"id":241198,"date":"2026-07-31T09:21:12","date_gmt":"2026-07-31T09:21:12","guid":{"rendered":"https:\/\/www.europesays.com\/ee\/241198\/"},"modified":"2026-07-31T09:21:12","modified_gmt":"2026-07-31T09:21:12","slug":"suri-leedu-taasiseseisvumisjargne-esimene-peaminister-kazimira-prunskiene","status":"publish","type":"post","link":"https:\/\/www.europesays.com\/ee\/241198\/","title":{"rendered":"Suri Leedu taasiseseisvumisj\u00e4rgne esimene peaminister Kazimira Prunskien\u0117"},"content":{"rendered":"<p>Leedu Delfile kinnitas tema lahkumist poeg Vaidotas.<\/p>\n<p>Prunskien\u0117 s\u00fcndis 1943. aasta 26. veebruaril praeguses \u0160ven\u010dionysi rajoonis Vasiuli\u0161k\u0117ses.<\/p>\n<p>Aastatel 1964-65 t\u00f6\u00f6tas Prunskien\u0117 <a rel=\"noopener nofollow\" target=\"_blank\" href=\"https:\/\/www.delfi.ee\/teema\/32928809\/vilnius\" tag-id=\"32928809\">Vilniuse<\/a> elamuehituskombinaadis. 1965. aastal l\u00f5petas ta Vilniuse \u00fclikooli ja oli aastatel 1965-86 seal \u00f5ppej\u00f5ud. Aastatel 1981-86 tegeles Prunskien\u0117 teadust\u00f6\u00f6ga <a rel=\"noopener nofollow\" target=\"_blank\" href=\"https:\/\/www.delfi.ee\/teema\/31826709\/ungari\" tag-id=\"31826709\">Ungaris<\/a> ning 1982-83, 1986 ja 1988 tollases Saksa Demokraatlikus Vabariigis. Aastatel 1986-88 oli Prunskien\u0117 Leedu p\u00f5llumajandusinstituudi direktori aset\u00e4itja ja 1988-89 rahvamajanduse juhtivt\u00f6\u00f6tajate ja spetsialistide kvalifikatsiooni t\u00f5stmise instituudi rektor.<\/p>\n<p>1988. aastal sai Prunskien\u0117st \u00fcks Leedu NSV isemajandamisplaani peamistest v\u00e4ljat\u00f6\u00f6tajatest ja \u00fcks Leedu rahvarinde S\u0105j\u016bdis asutajatest. Aastatel 1989-90 oli Prunskien\u0117 Leedu NSV ministrite n\u00f5ukogu esimehe aset\u00e4itja. Ta valiti N\u00f5ukogude Liidu \u00fclemn\u00f5ukokku ja osales selle t\u00f6\u00f6s.<\/p>\n<p>1990. aasta vaabruaris valiti Prunskien\u0117 Leedu NSV \u00fclemn\u00f5ukokku. Sama aasta 11. m\u00e4rtsil oli ta \u00fcks Leedu s\u00f5ltumatuse taastamise akti allkirjastanutest. 17. m\u00e4rtsil sai ta taastatud Leedu Vabariigi esimeseks peaministriks.<\/p>\n<p>Prunskien\u0117 oli \u00fcks Naiste Partei asutajatest ja oli aastatel 1995-1998 selle juht. 1998. aastast juhtis Prunskien\u0117 Uue Demokraatia\/Naiste Parteid ning alates 2000. aastast Uue Demokraatia Parteid. Oli seimi liige.<\/p>\n<p>Prunskien\u0117 oli \u00fcks Balti naiste korvpalliliiga asutajatest ja juhtis seda 15 aastat ning sai 2013. aastal aupresidendiks.<\/p>\n<p>2001. aastal sai Prunskien\u0117st P\u00f5llumeeste Erakonna ja Uue Demokraatia Liidu esimees.<\/p>\n<p>2004. ja 2009. aastal kandideeris Prunskien\u0117 Leedu presidendiks, aga ei osutunud valituks.<\/p>\n<p>2004. aasta novembris sai Prunskien\u0117st p\u00f5llumajandusminister.<\/p>\n<p>2012. aasta 26. veebruaril tabas Prunskien\u0117t insult ja talle tehti kaks operatsiooni, misj\u00e4rel ta langes koomasse. Insult kahjustas tema aju vasakut poolkera ja ta j\u00e4i halvatuks.<\/p>\n<p>Viimastel aastatel oli Prunskien\u0117 elust-olust v\u00e4he teada. 2020. aastal teatati, et ta elas oma poja Vaidotase talus \u0160ven\u010dionysi rajoonis.<\/p>\n<p>Kuidas see lugu Sind end tundma pani? Saada <a href=\"https:\/\/www.delfi.ee\/artikkel\/120600770\/suri-leedu-taasiseseisvumisjargne-esimene-peaminister-kazimira-prunskiene\/kommentaarid\" class=\"article-body-bottom__comment article-body-bottom__comment--write button button--primary button--size-auto\" rel=\"nofollow noopener\" target=\"_blank\"> Kommenteeri <\/a><a href=\"https:\/\/www.delfi.ee\/artikkel\/120600770\/suri-leedu-taasiseseisvumisjargne-esimene-peaminister-kazimira-prunskiene\/kommentaarid\" class=\"article-body-bottom__comment article-body-bottom__comment--read button button--size-auto\" rel=\"nofollow noopener\" target=\"_blank\"> Loe kommentaare <\/a><\/p>\n","protected":false},"excerpt":{"rendered":"Leedu Delfile kinnitas tema lahkumist poeg Vaidotas. Prunskien\u0117 s\u00fcndis 1943. aasta 26. veebruaril praeguses \u0160ven\u010dionysi rajoonis Vasiuli\u0161k\u0117ses. Aastatel&hellip;\n","protected":false},"author":2,"featured_media":241199,"comment_status":"","ping_status":"","sticky":false,"template":"","format":"standard","meta":{"footnotes":"","_share_on_mastodon":"0"},"categories":[80],"tags":[26,27,37,33,35,34,36,31,32,95539,17961,21,95537,95538,28,29,115,95,13458,19,431,25,52,51,660,23,24,22,118,325,20,30,7911,92,93,94],"class_list":["post-241198","post","type-post","status-publish","format-standard","has-post-thumbnail","category-maailm","tag-breaking-news","tag-breakingnews","tag-ee","tag-eesti","tag-eesti-keel","tag-estonia","tag-estonian","tag-featured-news","tag-featurednews","tag-francois-mitterrand","tag-george-h-w-bush","tag-headlines","tag-helmut-kohl","tag-kazimira-prunskiene","tag-latest-news","tag-latestnews","tag-leedu","tag-maailm","tag-margaret-thatcher","tag-news","tag-noukogude-liit","tag-populaarseimad-lood","tag-prantsusmaa","tag-saksamaa","tag-suurbritannia","tag-top-stories","tag-topstories","tag-uldised-uudised","tag-ungari","tag-usa","tag-uudised","tag-viimased-uudised","tag-vilnius","tag-world","tag-world-news","tag-worldnews"],"share_on_mastodon":{"url":"","error":"Validation failed: Text character limit of 500 exceeded"},"_links":{"self":[{"href":"https:\/\/www.europesays.com\/ee\/wp-json\/wp\/v2\/posts\/241198","targetHints":{"allow":["GET"]}}],"collection":[{"href":"https:\/\/www.europesays.com\/ee\/wp-json\/wp\/v2\/posts"}],"about":[{"href":"https:\/\/www.europesays.com\/ee\/wp-json\/wp\/v2\/types\/post"}],"author":[{"embeddable":true,"href":"https:\/\/www.europesays.com\/ee\/wp-json\/wp\/v2\/users\/2"}],"replies":[{"embeddable":true,"href":"https:\/\/www.europesays.com\/ee\/wp-json\/wp\/v2\/comments?post=241198"}],"version-history":[{"count":0,"href":"https:\/\/www.europesays.com\/ee\/wp-json\/wp\/v2\/posts\/241198\/revisions"}],"wp:featuredmedia":[{"embeddable":true,"href":"https:\/\/www.europesays.com\/ee\/wp-json\/wp\/v2\/media\/241199"}],"wp:attachment":[{"href":"https:\/\/www.europesays.com\/ee\/wp-json\/wp\/v2\/media?parent=241198"}],"wp:term":[{"taxonomy":"category","embeddable":true,"href":"https:\/\/www.europesays.com\/ee\/wp-json\/wp\/v2\/categories?post=241198"},{"taxonomy":"post_tag","embeddable":true,"href":"https:\/\/www.europesays.com\/ee\/wp-json\/wp\/v2\/tags?post=241198"}],"curies":[{"name":"wp","href":"https:\/\/api.w.org\/{rel}","templated":true}]}}