{"id":241284,"date":"2026-07-31T11:01:09","date_gmt":"2026-07-31T11:01:09","guid":{"rendered":"https:\/\/www.europesays.com\/ee\/241284\/"},"modified":"2026-07-31T11:01:09","modified_gmt":"2026-07-31T11:01:09","slug":"turist-ei-marganud-et-karu-hiilis-ta-korvale","status":"publish","type":"post","link":"https:\/\/www.europesays.com\/ee\/241284\/","title":{"rendered":"Turist ei m\u00e4rganud, et karu hiilis ta k\u00f5rvale"},"content":{"rendered":"<p>            <a href=\"https:\/\/www.europesays.com\/ee\/wp-content\/uploads\/2026\/07\/ltapsah-bear-6593944_1280.jpg\" data-caption=\"Foto: Pixabay\"><img loading=\"lazy\" decoding=\"async\" width=\"1280\" height=\"735\" class=\"entry-thumb td-modal-image\" src=\"https:\/\/www.europesays.com\/ee\/wp-content\/uploads\/2026\/07\/ltapsah-bear-6593944_1280.jpg\"   alt=\"\" title=\"karu\"\/><\/a>Foto: Pixabay<\/p>\n<p>Rumeenia Transf\u0103g\u0103r\u0103\u0219ani m\u00e4giteel hiilis pruunkaru inimesele selja taha. Juhtum j\u00e4i m\u00f6\u00f6das\u00f5itja videole ja levib n\u00fc\u00fcd laialt sotsiaalmeedias.<\/p>\n<p>Videost on n\u00e4ha, kuidas mees seisab tee \u00e4\u00e4res, t\u00f5en\u00e4oliselt vaatab telefoni, samal ajal kui karu hiilib talle m\u00e4rkamatult ligi. Loom j\u00f5uab vaid m\u00f5ne sentimeetri kaugusele ning nuusutab tema jalga. Turist m\u00e4rkab ohtu alles siis, kui karu satub tema vaatev\u00e4lja. Mees jookseb kiiresti autosse, karu j\u00e4rgneb talle l\u00fchikest aega, kirjutas Romania Insider.<\/p>\n<p>Rumeenias on \u00fcks Euroopa suurimaid pruunkaru asurkondi, keskkonnaministeeriumi hinnangul elab seal ligikaudu 10 400\u201312 800 isendit.<\/p>\n<p>Karude kohtamine m\u00e4gipiirkondades on tavaline ning ametiv\u00f5imud tuletavad turistidele korduvalt meelde, et metsloomi ei tohi toita ega neile l\u00e4heneda, sest see seab ohtu nii inimesed kui ka loomad. Viimastel aastatel on Transf\u0103g\u0103r\u0103\u0219ani teel karudega seotud juhtumites saanud vigastada ja hukkunud mitu turisti.<\/p>\n<p>Allikas: <a href=\"https:\/\/www.romania-insider.com\/tourist-bear-behind-him-transfagarasan-july-2026?fbclid=IwY2xjawTX8vVwZG9mAWV4dG4DYWVtAjEwAGJyaWQRMEViamdvb0lsSWdlbFBLZGdzcnRjBmFwcF9pZBAyMjIwMzkxNzg4MjAwODkyAAEejVf2uNAtd82GXwrlusmSKCpr-3Q59HdeyllCr7gHNHSTNWVO-BwTuJYXXjw_aem_HMurSzRqXB0vQ-a9994sgg\" target=\"_blank\" rel=\"noopener nofollow\">romania-insider.com<\/a><\/p>\n","protected":false},"excerpt":{"rendered":"Foto: Pixabay Rumeenia Transf\u0103g\u0103r\u0103\u0219ani m\u00e4giteel hiilis pruunkaru inimesele selja taha. Juhtum j\u00e4i m\u00f6\u00f6das\u00f5itja videole ja levib n\u00fc\u00fcd laialt&hellip;\n","protected":false},"author":2,"featured_media":241285,"comment_status":"","ping_status":"","sticky":false,"template":"","format":"standard","meta":{"footnotes":"","_share_on_mastodon":"0"},"categories":[80],"tags":[26,27,37,33,35,34,36,112,31,32,21,5772,28,29,95,93548,19,25,11067,1945,23,24,22,20,30,92,93,94],"class_list":["post-241284","post","type-post","status-publish","format-standard","has-post-thumbnail","category-maailm","tag-breaking-news","tag-breakingnews","tag-ee","tag-eesti","tag-eesti-keel","tag-estonia","tag-estonian","tag-euroopa","tag-featured-news","tag-featurednews","tag-headlines","tag-karu","tag-latest-news","tag-latestnews","tag-maailm","tag-maestik","tag-news","tag-populaarseimad-lood","tag-pruunkaru","tag-rumeenia","tag-top-stories","tag-topstories","tag-uldised-uudised","tag-uudised","tag-viimased-uudised","tag-world","tag-world-news","tag-worldnews"],"share_on_mastodon":{"url":"","error":""},"_links":{"self":[{"href":"https:\/\/www.europesays.com\/ee\/wp-json\/wp\/v2\/posts\/241284","targetHints":{"allow":["GET"]}}],"collection":[{"href":"https:\/\/www.europesays.com\/ee\/wp-json\/wp\/v2\/posts"}],"about":[{"href":"https:\/\/www.europesays.com\/ee\/wp-json\/wp\/v2\/types\/post"}],"author":[{"embeddable":true,"href":"https:\/\/www.europesays.com\/ee\/wp-json\/wp\/v2\/users\/2"}],"replies":[{"embeddable":true,"href":"https:\/\/www.europesays.com\/ee\/wp-json\/wp\/v2\/comments?post=241284"}],"version-history":[{"count":0,"href":"https:\/\/www.europesays.com\/ee\/wp-json\/wp\/v2\/posts\/241284\/revisions"}],"wp:featuredmedia":[{"embeddable":true,"href":"https:\/\/www.europesays.com\/ee\/wp-json\/wp\/v2\/media\/241285"}],"wp:attachment":[{"href":"https:\/\/www.europesays.com\/ee\/wp-json\/wp\/v2\/media?parent=241284"}],"wp:term":[{"taxonomy":"category","embeddable":true,"href":"https:\/\/www.europesays.com\/ee\/wp-json\/wp\/v2\/categories?post=241284"},{"taxonomy":"post_tag","embeddable":true,"href":"https:\/\/www.europesays.com\/ee\/wp-json\/wp\/v2\/tags?post=241284"}],"curies":[{"name":"wp","href":"https:\/\/api.w.org\/{rel}","templated":true}]}}