{"id":241302,"date":"2026-07-31T11:25:13","date_gmt":"2026-07-31T11:25:13","guid":{"rendered":"https:\/\/www.europesays.com\/ee\/241302\/"},"modified":"2026-07-31T11:25:13","modified_gmt":"2026-07-31T11:25:13","slug":"kaks-aastat-kestnud-langus-sai-lopuks-labi-juunis-toidukaupluste-muugimaht-suurenes","status":"publish","type":"post","link":"https:\/\/www.europesays.com\/ee\/241302\/","title":{"rendered":"Kaks aastat kestnud langus sai l\u00f5puks l\u00e4bi: juunis toidukaupluste m\u00fc\u00fcgimaht suurenes"},"content":{"rendered":"<p>Statistikaameti juhtivanal\u00fc\u00fctik Johanna Linda Pihlak t\u00f5i v\u00e4lja, et jaekaubandusettev\u00f5tete m\u00fc\u00fcgimaht, mis mais kahanes, hakkas juunis taas kasvama. M\u00fc\u00fcgimahu suurenemist m\u00f5jutasid juunis toidukaupade kauplused, kus see kasvas p\u00e4rast \u00fcle kahe aasta kestnud v\u00e4henemist. \u201eToidukaupade kaupluste m\u00fc\u00fcgimaht suurenes eelmise aasta juuniga v\u00f5rreldes 1%. Viimati kasvas toidukaupade kaupluste m\u00fc\u00fcgimaht 2024. aasta m\u00e4rtsis,\u201c t\u00e4psustas Pihlak.<\/p>\n<p>Nii mootorik\u00fctuste jaem\u00fc\u00fcgiga tegelevate ettev\u00f5tete kui ka t\u00f6\u00f6stuskaupade poodide m\u00fc\u00fcgimaht j\u00e4i 2025. aasta juuni tasemele. \u201eMootorik\u00fctuste jaem\u00fc\u00fcgiga tegelevate ettev\u00f5tete puhul tasub t\u00e4hele panna, et andmed ei sisalda ainult mootorik\u00fctuste m\u00fc\u00fcki, vaid kogum\u00fc\u00fcki, mille alla kuulub ka n\u00e4iteks toitlustusest ja muudelt kaupadelt ning teenustelt saadud tulu,\u201c lisas juhtivanal\u00fc\u00fctik.<\/p>\n<p>Maiga v\u00f5rreldes suurenes jaekaubandusettev\u00f5tete m\u00fc\u00fcgimaht juunis 2%. Sesoonselt ja kalendaarselt korrigeeritud andmete p\u00f5hjal kasvas m\u00fc\u00fcgimaht eelmise kuuga v\u00f5rreldes 1%.<\/p>\n<p>T\u00e4navu esimese poolaastaga suurenes jaekaubandusettev\u00f5tete m\u00fc\u00fcgimaht eelmise aasta sama ajaga v\u00f5rreldes 3%. <\/p>\n<p>M\u00fc\u00fcgitulu mahuindeks iseloomustab kaupade m\u00fc\u00fcgi mahu muutust p\u00fcsivhindades v\u00f5rreldes mingi eelmise perioodi m\u00fc\u00fcgiga. Indeksi arvutamisel on kasutatud kaupade hinnaindekseid.<\/p>\n<p>Kuidas see lugu Sind end tundma pani? Saada <a href=\"https:\/\/arileht.delfi.ee\/a\/120600740\/langus-sai-lopuks-labi-toidukaupade-kaupluste-muugimaht-suurenes-juunis\/kommentaarid\" class=\"article-body-bottom__comment article-body-bottom__comment--write button button--primary button--size-auto\" rel=\"nofollow noopener\" target=\"_blank\"> Kommenteeri <\/a><a href=\"https:\/\/arileht.delfi.ee\/a\/120600740\/langus-sai-lopuks-labi-toidukaupade-kaupluste-muugimaht-suurenes-juunis\/kommentaarid\" class=\"article-body-bottom__comment article-body-bottom__comment--read button button--size-auto\" rel=\"nofollow noopener\" target=\"_blank\"> Loe kommentaare (47)<\/a><\/p>\n","protected":false},"excerpt":{"rendered":"Statistikaameti juhtivanal\u00fc\u00fctik Johanna Linda Pihlak t\u00f5i v\u00e4lja, et jaekaubandusettev\u00f5tete m\u00fc\u00fcgimaht, mis mais kahanes, hakkas juunis taas kasvama. M\u00fc\u00fcgimahu&hellip;\n","protected":false},"author":2,"featured_media":241303,"comment_status":"","ping_status":"","sticky":false,"template":"","format":"standard","meta":{"footnotes":"","_share_on_mastodon":"0"},"categories":[5],"tags":[26,27,37,33,35,34,36,31,32,21,11006,28,29,38693,6070,19,25,2559,16100,23,24,22,20,30],"class_list":["post-241302","post","type-post","status-publish","format-standard","has-post-thumbnail","category-uldised-uudised","tag-breaking-news","tag-breakingnews","tag-ee","tag-eesti","tag-eesti-keel","tag-estonia","tag-estonian","tag-featured-news","tag-featurednews","tag-headlines","tag-jaekaubandus","tag-latest-news","tag-latestnews","tag-muugimaht","tag-muugitulu","tag-news","tag-populaarseimad-lood","tag-statistikaamet","tag-toostuskaubad","tag-top-stories","tag-topstories","tag-uldised-uudised","tag-uudised","tag-viimased-uudised"],"share_on_mastodon":{"url":"https:\/\/pubeurope.com\/@ee\/117014346156763246","error":""},"_links":{"self":[{"href":"https:\/\/www.europesays.com\/ee\/wp-json\/wp\/v2\/posts\/241302","targetHints":{"allow":["GET"]}}],"collection":[{"href":"https:\/\/www.europesays.com\/ee\/wp-json\/wp\/v2\/posts"}],"about":[{"href":"https:\/\/www.europesays.com\/ee\/wp-json\/wp\/v2\/types\/post"}],"author":[{"embeddable":true,"href":"https:\/\/www.europesays.com\/ee\/wp-json\/wp\/v2\/users\/2"}],"replies":[{"embeddable":true,"href":"https:\/\/www.europesays.com\/ee\/wp-json\/wp\/v2\/comments?post=241302"}],"version-history":[{"count":0,"href":"https:\/\/www.europesays.com\/ee\/wp-json\/wp\/v2\/posts\/241302\/revisions"}],"wp:featuredmedia":[{"embeddable":true,"href":"https:\/\/www.europesays.com\/ee\/wp-json\/wp\/v2\/media\/241303"}],"wp:attachment":[{"href":"https:\/\/www.europesays.com\/ee\/wp-json\/wp\/v2\/media?parent=241302"}],"wp:term":[{"taxonomy":"category","embeddable":true,"href":"https:\/\/www.europesays.com\/ee\/wp-json\/wp\/v2\/categories?post=241302"},{"taxonomy":"post_tag","embeddable":true,"href":"https:\/\/www.europesays.com\/ee\/wp-json\/wp\/v2\/tags?post=241302"}],"curies":[{"name":"wp","href":"https:\/\/api.w.org\/{rel}","templated":true}]}}