{"id":241420,"date":"2026-07-31T14:08:10","date_gmt":"2026-07-31T14:08:10","guid":{"rendered":"https:\/\/www.europesays.com\/ee\/241420\/"},"modified":"2026-07-31T14:08:10","modified_gmt":"2026-07-31T14:08:10","slug":"suri-itaalia-jalgpallilegend-franco-baresi","status":"publish","type":"post","link":"https:\/\/www.europesays.com\/ee\/241420\/","title":{"rendered":"Suri Itaalia jalgpallilegend Franco Baresi"},"content":{"rendered":"<p>Baresi <a rel=\"noopener nofollow\" target=\"_blank\" href=\"https:\/\/www.delfi.ee\/teema\/67823173\/surm\" tag-id=\"67823173\">surmast<\/a> teatas tema kunagine koduklubi AC Milan reede hommikul. Seejuures levisid kuulujutud jalgpallilegendi lahkumisest juba kolmap\u00e4eval, kuid need l\u00fckkas klubi \u00fcmber. Oma avalduses \u00f6eldi, et Baresi on raskes seisus, kuid elus.<\/p>\n<p>\u201eAC Milan on pisarates, kuna Franco Baresi on surnud. Tema eeskuju, v\u00e4\u00e4rikus ja laitmatu iseloom j\u00e4\u00e4vad igaveseks klubi DNA-sse, t\u00e4pselt nagu tema legendaarne s\u00e4rginumber 6. AC Milan avaldab sel raskel ajal siirast kaastunnet Franco Baresi l\u00e4hedastele,\u201c teatas klubi reedel.<\/p>\n<p>Baresil oli enne oma surma mitmeid t\u00f5siseid terviseprobleeme. 2025. aasta augustis avaldas endine jalgpallur, et tal eemaldati operatsiooni k\u00e4igus kopsust siirdekomp, mille j\u00e4rel alustati immuunravikuuriga.<\/p>\n<p>1982. aastal Itaalia jalgpallikoondisega maailmameistriks tulnud Baresi esindas Saapamaa koondist kokku 81 m\u00e4ngus. \u00dcheks jalgpalliajaloo parimaks kaitsjaks peetav Baresi on AC Milani absoluutne ikoon, kuna m\u00e4ngumees veetis seal terve oma profikarj\u00e4\u00e4ri, mis kestis 20 aastat. <\/p>\n<p>Aastatel 1977-1997 esindas Baresi AC Milanit kokku 716 ametlikus m\u00e4ngus, mille jooksul l\u00f5i 33 v\u00e4ravat ja andis 24 v\u00e4ravas\u00f6\u00f6tu. Klubi s\u00e4rgis v\u00f5itis ta kolm Meistrite liiga ja kuus Itaalia meistritiitlit.<\/p>\n<p>Kuidas see lugu Sind end tundma pani? Saada <a href=\"https:\/\/sport.delfi.ee\/artikkel\/120600912\/suri-itaalia-jalgpallilegend-franco-baresi\/kommentaarid\" class=\"article-body-bottom__comment article-body-bottom__comment--write button button--primary button--size-auto\" rel=\"nofollow noopener\" target=\"_blank\"> Kommenteeri <\/a><a href=\"https:\/\/sport.delfi.ee\/artikkel\/120600912\/suri-itaalia-jalgpallilegend-franco-baresi\/kommentaarid\" class=\"article-body-bottom__comment article-body-bottom__comment--read button button--size-auto\" rel=\"nofollow noopener\" target=\"_blank\"> Loe kommentaare <\/a><\/p>\n","protected":false},"excerpt":{"rendered":"Baresi surmast teatas tema kunagine koduklubi AC Milan reede hommikul. Seejuures levisid kuulujutud jalgpallilegendi lahkumisest juba kolmap\u00e4eval, kuid&hellip;\n","protected":false},"author":2,"featured_media":241421,"comment_status":"","ping_status":"","sticky":false,"template":"","format":"standard","meta":{"footnotes":"","_share_on_mastodon":"0"},"categories":[18],"tags":[1076,37,33,35,34,36,5457,172,95603,159,158,5499],"class_list":["post-241420","post","type-post","status-publish","format-standard","has-post-thumbnail","category-sport","tag-ac-milan","tag-ee","tag-eesti","tag-eesti-keel","tag-estonia","tag-estonian","tag-itaalia-jalgpallikoondis","tag-jalgpall","tag-jalgpallurid","tag-sport","tag-sports","tag-surm"],"share_on_mastodon":{"url":"https:\/\/pubeurope.com\/@ee\/117014987070904641","error":""},"_links":{"self":[{"href":"https:\/\/www.europesays.com\/ee\/wp-json\/wp\/v2\/posts\/241420","targetHints":{"allow":["GET"]}}],"collection":[{"href":"https:\/\/www.europesays.com\/ee\/wp-json\/wp\/v2\/posts"}],"about":[{"href":"https:\/\/www.europesays.com\/ee\/wp-json\/wp\/v2\/types\/post"}],"author":[{"embeddable":true,"href":"https:\/\/www.europesays.com\/ee\/wp-json\/wp\/v2\/users\/2"}],"replies":[{"embeddable":true,"href":"https:\/\/www.europesays.com\/ee\/wp-json\/wp\/v2\/comments?post=241420"}],"version-history":[{"count":0,"href":"https:\/\/www.europesays.com\/ee\/wp-json\/wp\/v2\/posts\/241420\/revisions"}],"wp:featuredmedia":[{"embeddable":true,"href":"https:\/\/www.europesays.com\/ee\/wp-json\/wp\/v2\/media\/241421"}],"wp:attachment":[{"href":"https:\/\/www.europesays.com\/ee\/wp-json\/wp\/v2\/media?parent=241420"}],"wp:term":[{"taxonomy":"category","embeddable":true,"href":"https:\/\/www.europesays.com\/ee\/wp-json\/wp\/v2\/categories?post=241420"},{"taxonomy":"post_tag","embeddable":true,"href":"https:\/\/www.europesays.com\/ee\/wp-json\/wp\/v2\/tags?post=241420"}],"curies":[{"name":"wp","href":"https:\/\/api.w.org\/{rel}","templated":true}]}}