{"id":241464,"date":"2026-07-31T15:03:40","date_gmt":"2026-07-31T15:03:40","guid":{"rendered":"https:\/\/www.europesays.com\/ee\/241464\/"},"modified":"2026-07-31T15:03:40","modified_gmt":"2026-07-31T15:03:40","slug":"rattaorienteerumise-eesti-meistrid-selgusid-piiritsooni-metsades","status":"publish","type":"post","link":"https:\/\/www.europesays.com\/ee\/241464\/","title":{"rendered":"Rattaorienteerumise Eesti meistrid selgusid piiritsooni metsades"},"content":{"rendered":"<p>Eesti meistrid rattaorienteerumise l\u00fchirajal ja sprindis selgusid seekord V\u00e4rska \u00fcmbruses ning tavarajal Lutep\u00e4\u00e4-Verhulitsa m\u00e4nnimetsastel orienteerumistehniliselt n\u00f5udlikel radadel. Sealjuures tavaraja maastik ja kaart piirnesid Eesti-Vene kontrolljoonega ja vastavalt v\u00f5itluste juhendile pidid v\u00f5istlejad rangelt v\u00e4ltima sattumist kontrolljoonele. Eesti meistriv\u00f5istlustel startijail orienteerumisoskusi piisas ja sellega mingeid sekeldusi ei tekkinud.<\/p>\n","protected":false},"excerpt":{"rendered":"Eesti meistrid rattaorienteerumise l\u00fchirajal ja sprindis selgusid seekord V\u00e4rska \u00fcmbruses ning tavarajal Lutep\u00e4\u00e4-Verhulitsa m\u00e4nnimetsastel orienteerumistehniliselt n\u00f5udlikel radadel. Sealjuures&hellip;\n","protected":false},"author":2,"featured_media":241465,"comment_status":"","ping_status":"","sticky":false,"template":"","format":"standard","meta":{"footnotes":"","_share_on_mastodon":"0"},"categories":[18],"tags":[49432,37,33,35,8766,34,36,95630,95631,60970,95632,25794,159,158,12915,95629],"class_list":["post-241464","post","type-post","status-publish","format-standard","has-post-thumbnail","category-sport","tag-anett-liisa-parts","tag-ee","tag-eesti","tag-eesti-keel","tag-eesti-meistrivoistlused","tag-estonia","tag-estonian","tag-jarvamaa-orienteerumisklubi-joka","tag-kennet-keerberg","tag-luhirada","tag-priit-poopuu","tag-rattaorienteerumine","tag-sport","tag-sports","tag-sprint","tag-tavarada"],"share_on_mastodon":{"url":"https:\/\/pubeurope.com\/@ee\/117015203337898979","error":""},"_links":{"self":[{"href":"https:\/\/www.europesays.com\/ee\/wp-json\/wp\/v2\/posts\/241464","targetHints":{"allow":["GET"]}}],"collection":[{"href":"https:\/\/www.europesays.com\/ee\/wp-json\/wp\/v2\/posts"}],"about":[{"href":"https:\/\/www.europesays.com\/ee\/wp-json\/wp\/v2\/types\/post"}],"author":[{"embeddable":true,"href":"https:\/\/www.europesays.com\/ee\/wp-json\/wp\/v2\/users\/2"}],"replies":[{"embeddable":true,"href":"https:\/\/www.europesays.com\/ee\/wp-json\/wp\/v2\/comments?post=241464"}],"version-history":[{"count":0,"href":"https:\/\/www.europesays.com\/ee\/wp-json\/wp\/v2\/posts\/241464\/revisions"}],"wp:featuredmedia":[{"embeddable":true,"href":"https:\/\/www.europesays.com\/ee\/wp-json\/wp\/v2\/media\/241465"}],"wp:attachment":[{"href":"https:\/\/www.europesays.com\/ee\/wp-json\/wp\/v2\/media?parent=241464"}],"wp:term":[{"taxonomy":"category","embeddable":true,"href":"https:\/\/www.europesays.com\/ee\/wp-json\/wp\/v2\/categories?post=241464"},{"taxonomy":"post_tag","embeddable":true,"href":"https:\/\/www.europesays.com\/ee\/wp-json\/wp\/v2\/tags?post=241464"}],"curies":[{"name":"wp","href":"https:\/\/api.w.org\/{rel}","templated":true}]}}