{"id":241594,"date":"2026-07-31T18:58:10","date_gmt":"2026-07-31T18:58:10","guid":{"rendered":"https:\/\/www.europesays.com\/ee\/241594\/"},"modified":"2026-07-31T18:58:10","modified_gmt":"2026-07-31T18:58:10","slug":"narva-uus-linnavoim-lubab-ehitada-muusikakooli-ja-meelitada-linna-noori-eesti","status":"publish","type":"post","link":"https:\/\/www.europesays.com\/ee\/241594\/","title":{"rendered":"Narva uus linnav\u00f5im lubab ehitada muusikakooli ja meelitada linna noori | Eesti"},"content":{"rendered":"<p>Narvas s\u00f5lmiti Keskerakonna ja Plaan B koalitsioonilepe, mis lubab linnale turismi \u00f5itsengut, paremat kriisivalmidust ja muusikakooli ehitust. Uus v\u00f5imuliit soovib Narvat valitseda j\u00e4rgmiste kohalike valimisteni.<\/p>\n<p>Keskerakond ja Plaan B lubadused kattuvad m\u00f5neti eelmise v\u00f5imukoalitsiooni lubadustega, sest uute koolimajade ja lasteaedade rajamine on pikk protsess, mis ei alga ega l\u00f5pe \u00fche linnav\u00f5imu valitsemise ajal.<\/p>\n<p>Oman\u00e4oliseks muudavad v\u00f5imuleppe r\u00f5huasetused. N\u00e4iteks soovib Keskerakond eakate toetamise k\u00f5rval p\u00fchendada rohkem aega sellele, et noored tuleksid Narva elama ja hiljem sinna ka j\u00e4\u00e4ksid.<\/p>\n<p>Kuidas seda saavutada? &#8220;Tuleb viia noori tehastesse, teha koolist ekskursioone ja n\u00e4idata meie v\u00f5imalusi, et neil tekiks huvi siia tagasi tulla,&#8221; \u00fctles Narva linnapea Jaan Toots (Keskerakond).<\/p>\n<p>Uus linnav\u00f5im lubab ehitada muusikakooli, mis peaks kerkima Narva vanalinna ajaloolisesse kvartalisse.<\/p>\n<p>&#8220;Miks muusikakool? Sest meil on Eesti vanim tsaariajal rajatud tegutsev kool,&#8221; selgitas Toots. &#8220;Paari aasta eest t\u00e4histasime selle 125. juubelit, kuid uus hoone tuleks modernne ja mahutaks 300 \u00f5pilast,&#8221; lisas ta.<\/p>\n<p>Plaan B n\u00e4eb v\u00f5imuleppe olulisima osana turismi arengut. Narvast saab Euroopa kultuuripealinn ja Eesti turismipealinn.<\/p>\n<p>&#8220;See, mis on seni tehtud, on v\u00e4ga hea, kuid me ei ole suutnud ennast avada teistele linnadele ega riikidele. Koht, kus me asume, on niiv\u00f5rd eriline,&#8221; nentis Narva volikogu esimees Urbo Vaarmann (Plaan B).<\/p>\n<p>Ka kurikuulsa Narva piirij\u00e4rjekorra varustamine varjualusega on osa turismi arendamisest.<\/p>\n<p>&#8220;K\u00f5igepealt olete 24 tundi vihma k\u00e4es, siis magate 12 tundi pingi peal. Eestisse s\u00f5itev turist peab olema meie linnas k\u00fclaline ja me v\u00f5tame nad ka sellisena vastu,&#8221; lisas Vaarmann.<\/p>\n<p>Oluline osa uuest koalitsioonileppest on kriisivalmidus. Narvale lubatakse eriv\u00f5imekusega vabatahtlikku p\u00e4\u00e4stekomandot, mis peaks tagama massiivse suvilav\u00f6\u00f6ndi turvalisuse. Lisaks lubatakse \u00f6\u00f6p\u00e4evaringselt toimivat hambaarsti- ja apteegiteenust.<\/p>\n","protected":false},"excerpt":{"rendered":"Narvas s\u00f5lmiti Keskerakonna ja Plaan B koalitsioonilepe, mis lubab linnale turismi \u00f5itsengut, paremat kriisivalmidust ja muusikakooli ehitust. Uus&hellip;\n","protected":false},"author":2,"featured_media":241595,"comment_status":"","ping_status":"","sticky":false,"template":"","format":"standard","meta":{"footnotes":"","_share_on_mastodon":"0"},"categories":[12],"tags":[26,27,37,33,35,34,36,31,32,21,12549,28,29,2521,19,25,23,24,22,13089,20,30,95641],"class_list":["post-241594","post","type-post","status-publish","format-standard","has-post-thumbnail","category-eesti","tag-breaking-news","tag-breakingnews","tag-ee","tag-eesti","tag-eesti-keel","tag-estonia","tag-estonian","tag-featured-news","tag-featurednews","tag-headlines","tag-jaan-toots","tag-latest-news","tag-latestnews","tag-narva","tag-news","tag-populaarseimad-lood","tag-top-stories","tag-topstories","tag-uldised-uudised","tag-urbo-vaarmann","tag-uudised","tag-viimased-uudised","tag-voimuvahetus-narvas"],"share_on_mastodon":{"url":"https:\/\/pubeurope.com\/@ee\/117016127506234472","error":""},"_links":{"self":[{"href":"https:\/\/www.europesays.com\/ee\/wp-json\/wp\/v2\/posts\/241594","targetHints":{"allow":["GET"]}}],"collection":[{"href":"https:\/\/www.europesays.com\/ee\/wp-json\/wp\/v2\/posts"}],"about":[{"href":"https:\/\/www.europesays.com\/ee\/wp-json\/wp\/v2\/types\/post"}],"author":[{"embeddable":true,"href":"https:\/\/www.europesays.com\/ee\/wp-json\/wp\/v2\/users\/2"}],"replies":[{"embeddable":true,"href":"https:\/\/www.europesays.com\/ee\/wp-json\/wp\/v2\/comments?post=241594"}],"version-history":[{"count":0,"href":"https:\/\/www.europesays.com\/ee\/wp-json\/wp\/v2\/posts\/241594\/revisions"}],"wp:featuredmedia":[{"embeddable":true,"href":"https:\/\/www.europesays.com\/ee\/wp-json\/wp\/v2\/media\/241595"}],"wp:attachment":[{"href":"https:\/\/www.europesays.com\/ee\/wp-json\/wp\/v2\/media?parent=241594"}],"wp:term":[{"taxonomy":"category","embeddable":true,"href":"https:\/\/www.europesays.com\/ee\/wp-json\/wp\/v2\/categories?post=241594"},{"taxonomy":"post_tag","embeddable":true,"href":"https:\/\/www.europesays.com\/ee\/wp-json\/wp\/v2\/tags?post=241594"}],"curies":[{"name":"wp","href":"https:\/\/api.w.org\/{rel}","templated":true}]}}