{"id":241618,"date":"2026-07-31T19:42:13","date_gmt":"2026-07-31T19:42:13","guid":{"rendered":"https:\/\/www.europesays.com\/ee\/241618\/"},"modified":"2026-07-31T19:42:13","modified_gmt":"2026-07-31T19:42:13","slug":"olga-straube-nevski-katedraali-kolimisest-tule-aljosa-appi","status":"publish","type":"post","link":"https:\/\/www.europesays.com\/ee\/241618\/","title":{"rendered":"Olga \u0160traube Nevski katedraali kolimisest: tule Aljo\u0161a appi!"},"content":{"rendered":"<p><img decoding=\"async\" src=\"https:\/\/www.europesays.com\/ee\/wp-content\/uploads\/2026\/07\/b93a1d60-3121-47d5-aa03-2c475b2818ed.jpg\" loading=\"lazy\" alt=\"Vihjatakse, et ka Aljo\u0161at v\u00f5ib oodata poliitilistel p\u00f5hjustel j\u00e4lle kolimine\"\/><\/p>\n<p>Vihjatakse, et ka Aljo\u0161at v\u00f5ib oodata poliitilistel p\u00f5hjustel j\u00e4lle kolimine<\/p>\n<p>FOTO: Andres PuttingPriit Simson| Delfi Meedia<\/p>\n<p>Olukorras, kus Reformierakonna reiting on erakordselt madal ja Eesti 200-l polegi, olen ka ise kuulnud mitut riigikogu liiget (mitte-keskerakondlast) avaldamas arvamust, et enne riigikogu valimisi v\u00f5idakse minna teist korda Aljo\u0161a kallale ja viia see Maarjam\u00e4ele Ajaloomuuseumi taha Leninitele seltsiks.<\/p>\n","protected":false},"excerpt":{"rendered":"Vihjatakse, et ka Aljo\u0161at v\u00f5ib oodata poliitilistel p\u00f5hjustel j\u00e4lle kolimine FOTO: Andres PuttingPriit Simson| Delfi Meedia Olukorras, kus&hellip;\n","protected":false},"author":2,"featured_media":241619,"comment_status":"","ping_status":"","sticky":false,"template":"","format":"standard","meta":{"footnotes":"","_share_on_mastodon":"0"},"categories":[12],"tags":[1638,26,27,37,33,35,34,36,31,32,21,28,29,33598,19,25,67534,643,23,24,22,797,20,30],"class_list":["post-241618","post","type-post","status-publish","format-standard","has-post-thumbnail","category-eesti","tag-andrus-ansip","tag-breaking-news","tag-breakingnews","tag-ee","tag-eesti","tag-eesti-keel","tag-estonia","tag-estonian","tag-featured-news","tag-featurednews","tag-headlines","tag-latest-news","tag-latestnews","tag-moskva-patriarhaat","tag-news","tag-populaarseimad-lood","tag-pronkssodur","tag-reformierakond","tag-top-stories","tag-topstories","tag-uldised-uudised","tag-unesco","tag-uudised","tag-viimased-uudised"],"share_on_mastodon":{"url":"https:\/\/pubeurope.com\/@ee\/117016300777329147","error":""},"_links":{"self":[{"href":"https:\/\/www.europesays.com\/ee\/wp-json\/wp\/v2\/posts\/241618","targetHints":{"allow":["GET"]}}],"collection":[{"href":"https:\/\/www.europesays.com\/ee\/wp-json\/wp\/v2\/posts"}],"about":[{"href":"https:\/\/www.europesays.com\/ee\/wp-json\/wp\/v2\/types\/post"}],"author":[{"embeddable":true,"href":"https:\/\/www.europesays.com\/ee\/wp-json\/wp\/v2\/users\/2"}],"replies":[{"embeddable":true,"href":"https:\/\/www.europesays.com\/ee\/wp-json\/wp\/v2\/comments?post=241618"}],"version-history":[{"count":0,"href":"https:\/\/www.europesays.com\/ee\/wp-json\/wp\/v2\/posts\/241618\/revisions"}],"wp:featuredmedia":[{"embeddable":true,"href":"https:\/\/www.europesays.com\/ee\/wp-json\/wp\/v2\/media\/241619"}],"wp:attachment":[{"href":"https:\/\/www.europesays.com\/ee\/wp-json\/wp\/v2\/media?parent=241618"}],"wp:term":[{"taxonomy":"category","embeddable":true,"href":"https:\/\/www.europesays.com\/ee\/wp-json\/wp\/v2\/categories?post=241618"},{"taxonomy":"post_tag","embeddable":true,"href":"https:\/\/www.europesays.com\/ee\/wp-json\/wp\/v2\/tags?post=241618"}],"curies":[{"name":"wp","href":"https:\/\/api.w.org\/{rel}","templated":true}]}}