{"id":241672,"date":"2026-07-31T21:36:12","date_gmt":"2026-07-31T21:36:12","guid":{"rendered":"https:\/\/www.europesays.com\/ee\/241672\/"},"modified":"2026-07-31T21:36:12","modified_gmt":"2026-07-31T21:36:12","slug":"ukraina-kaasmaalaskonna-suvelaager-viis-lapsed-umbermaailmareisile","status":"publish","type":"post","link":"https:\/\/www.europesays.com\/ee\/241672\/","title":{"rendered":"Ukraina kaasmaalaskonna suvelaager viis lapsed &#8220;\u00fcmbermaailmareisile&#8221;"},"content":{"rendered":"<p>Ukraina kaasmaalaskond Sillam\u00e4e Vodograi korraldas Ida-Viru eri paigust ja kaugemaltki p\u00e4rit 6\u221216aastastele lastele esimest korda p\u00e4evase suvelaagri, pakkudes neile mitmekesiseid tegevusi ja v\u00e4ljas\u00f5ite ning rohkelt uusi muljeid.<\/p>\n<p>Teisip\u00e4eval suundusid Vodograi suvelaagris osalevad lapsed virtuaalsele Aasia reisile, mille korraldasid vabatahtlikud ja Vodograi partnerid \u2212 Sillam\u00e4e muuseumi t\u00f6\u00f6tajad.<\/p>\n","protected":false},"excerpt":{"rendered":"Ukraina kaasmaalaskond Sillam\u00e4e Vodograi korraldas Ida-Viru eri paigust ja kaugemaltki p\u00e4rit 6\u221216aastastele lastele esimest korda p\u00e4evase suvelaagri, pakkudes&hellip;\n","protected":false},"author":2,"featured_media":241673,"comment_status":"","ping_status":"","sticky":false,"template":"","format":"standard","meta":{"footnotes":"","_share_on_mastodon":"0"},"categories":[80],"tags":[26,27,37,33,35,34,36,31,32,21,95665,28,29,95,19,25,78570,23,24,22,20,30,95664,92,93,94],"class_list":["post-241672","post","type-post","status-publish","format-standard","has-post-thumbnail","category-maailm","tag-breaking-news","tag-breakingnews","tag-ee","tag-eesti","tag-eesti-keel","tag-estonia","tag-estonian","tag-featured-news","tag-featurednews","tag-headlines","tag-larissa-zitnik","tag-latest-news","tag-latestnews","tag-maailm","tag-news","tag-populaarseimad-lood","tag-suvelaager","tag-top-stories","tag-topstories","tag-uldised-uudised","tag-uudised","tag-viimased-uudised","tag-vodograi","tag-world","tag-world-news","tag-worldnews"],"share_on_mastodon":{"url":"https:\/\/pubeurope.com\/@ee\/117016749045681084","error":""},"_links":{"self":[{"href":"https:\/\/www.europesays.com\/ee\/wp-json\/wp\/v2\/posts\/241672","targetHints":{"allow":["GET"]}}],"collection":[{"href":"https:\/\/www.europesays.com\/ee\/wp-json\/wp\/v2\/posts"}],"about":[{"href":"https:\/\/www.europesays.com\/ee\/wp-json\/wp\/v2\/types\/post"}],"author":[{"embeddable":true,"href":"https:\/\/www.europesays.com\/ee\/wp-json\/wp\/v2\/users\/2"}],"replies":[{"embeddable":true,"href":"https:\/\/www.europesays.com\/ee\/wp-json\/wp\/v2\/comments?post=241672"}],"version-history":[{"count":0,"href":"https:\/\/www.europesays.com\/ee\/wp-json\/wp\/v2\/posts\/241672\/revisions"}],"wp:featuredmedia":[{"embeddable":true,"href":"https:\/\/www.europesays.com\/ee\/wp-json\/wp\/v2\/media\/241673"}],"wp:attachment":[{"href":"https:\/\/www.europesays.com\/ee\/wp-json\/wp\/v2\/media?parent=241672"}],"wp:term":[{"taxonomy":"category","embeddable":true,"href":"https:\/\/www.europesays.com\/ee\/wp-json\/wp\/v2\/categories?post=241672"},{"taxonomy":"post_tag","embeddable":true,"href":"https:\/\/www.europesays.com\/ee\/wp-json\/wp\/v2\/tags?post=241672"}],"curies":[{"name":"wp","href":"https:\/\/api.w.org\/{rel}","templated":true}]}}