{"id":241682,"date":"2026-07-31T21:48:15","date_gmt":"2026-07-31T21:48:15","guid":{"rendered":"https:\/\/www.europesays.com\/ee\/241682\/"},"modified":"2026-07-31T21:48:15","modified_gmt":"2026-07-31T21:48:15","slug":"raadioside-piiramise-eelnou-tekitas-kriitikat","status":"publish","type":"post","link":"https:\/\/www.europesays.com\/ee\/241682\/","title":{"rendered":"Raadioside piiramise eeln\u00f5u tekitas kriitikat"},"content":{"rendered":"<p>&#13;<br \/>\n                                Justiits- ja digiministeerium algatas eeln\u00f5u, mis annaks \u00f5iguskaitseasutustele suuremad volitused raadioside piiramiseks. Eesti infotehnoloogia ja telekommunikatsiooni liidu hinnangul on m\u00e4\u00e4rus aga seadusega vastuolus, sest see puudutab ka riigikaitselistest aladest v\u00e4ljapoole j\u00e4\u00e4vaid piirkondi.<\/p>\n<p>Justiits- ja digiministeerium esitas juuli keskel huvir\u00fchmadele tagasisidestamiseks m\u00e4\u00e4ruse eeln\u00f5u, mille eesm\u00e4rk on ministeeriumi s\u00f5nul rakendada riigikaitseseadusest tulenevaid kohustusi. Eelk\u00f5ige k\u00e4sitleb eeln\u00f5u raadioside piiramist riigikaitselistel eesm\u00e4rkidel.<\/p>\n<p>Raadioside piiramise eeln\u00f5u tekitas kriitikat<\/p>\n<p>\u201eEesm\u00e4rk on kehtestada raadioside piiramise n\u00f5uded ka drooniohu ehk mehitamata \u00f5hus\u00f5iduki p\u00f5hjustatud ohu t\u00f5rjumiseks,\u201c seisab eeln\u00f5us.<\/p>\n<p>Eeln\u00f5uga tahetakse niisiis anda korrakaitseorganitele, aga ka keskkonna- ning maksu- ja tolliametile \u00f5igused, mis lubaks neil lennundusseaduse alusel raadiosidet piirata.<\/p>\n<p>Teisalt muudetaks ka kehtivat korda, mille j\u00e4rgi peab raadioside piiramine riigikaitselise t\u00e4htsusega objekti territooriumil h\u00e4irima raadiosidet v\u00e4ljaspool nimetatud piirkonda minimaalselt.<\/p>\n<blockquote><p>&#13;<\/p>\n<p>Eeln\u00f5ule saatis kriitilise tagasiside Eesti infotehnoloogia ja telekommunikatsiooni liit, kes leidis, et m\u00e4\u00e4rus ei ole koosk\u00f5las elektroonilise side seadusega.<\/p>\n<p>&#13;\n<\/p><\/blockquote>\n<p>Nimelt ei tohi selle alusel tekitada raadioh\u00e4ireid v\u00e4ljaspool riigikaitselistel eesm\u00e4rkidel valvatavaid alasid. Selliseid piirkondi on seaduse nimekirjas seitse ning nendeks on n\u00e4iteks kaitsev\u00e4e riigikaitselise t\u00e4htsusega objektid, vangla territooriumid ja politsei valve all olevad objektid.<\/p>\n<p>Eesti infotehnoloogia ja telekommunikatsiooni liidu esindaja s\u00f5nul oleks aga m\u00e4\u00e4rus, mis neid piiranguid laiendaks, elektroonilise side seadusega vastuolus. Kuna m\u00e4\u00e4rus ei saa seadusest \u00fcle s\u00f5ita, ei oleks see \u00f5iguslik.<\/p>\n","protected":false},"excerpt":{"rendered":"&#13; Justiits- ja digiministeerium algatas eeln\u00f5u, mis annaks \u00f5iguskaitseasutustele suuremad volitused raadioside piiramiseks. Eesti infotehnoloogia ja telekommunikatsiooni liidu&hellip;\n","protected":false},"author":2,"featured_media":241683,"comment_status":"","ping_status":"","sticky":false,"template":"","format":"standard","meta":{"footnotes":"","_share_on_mastodon":"0"},"categories":[12],"tags":[26,27,37,2707,33,2589,35,34,36,31,32,21,28,29,19,25,22595,23,24,22,20,30],"class_list":["post-241682","post","type-post","status-publish","format-standard","has-post-thumbnail","category-eesti","tag-breaking-news","tag-breakingnews","tag-ee","tag-eelnou","tag-eesti","tag-eesti-infotehnoloogia-ja-telekommunikatsiooni-liit","tag-eesti-keel","tag-estonia","tag-estonian","tag-featured-news","tag-featurednews","tag-headlines","tag-latest-news","tag-latestnews","tag-news","tag-populaarseimad-lood","tag-raadioside","tag-top-stories","tag-topstories","tag-uldised-uudised","tag-uudised","tag-viimased-uudised"],"share_on_mastodon":{"url":"https:\/\/pubeurope.com\/@ee\/117016795953684061","error":""},"_links":{"self":[{"href":"https:\/\/www.europesays.com\/ee\/wp-json\/wp\/v2\/posts\/241682","targetHints":{"allow":["GET"]}}],"collection":[{"href":"https:\/\/www.europesays.com\/ee\/wp-json\/wp\/v2\/posts"}],"about":[{"href":"https:\/\/www.europesays.com\/ee\/wp-json\/wp\/v2\/types\/post"}],"author":[{"embeddable":true,"href":"https:\/\/www.europesays.com\/ee\/wp-json\/wp\/v2\/users\/2"}],"replies":[{"embeddable":true,"href":"https:\/\/www.europesays.com\/ee\/wp-json\/wp\/v2\/comments?post=241682"}],"version-history":[{"count":0,"href":"https:\/\/www.europesays.com\/ee\/wp-json\/wp\/v2\/posts\/241682\/revisions"}],"wp:featuredmedia":[{"embeddable":true,"href":"https:\/\/www.europesays.com\/ee\/wp-json\/wp\/v2\/media\/241683"}],"wp:attachment":[{"href":"https:\/\/www.europesays.com\/ee\/wp-json\/wp\/v2\/media?parent=241682"}],"wp:term":[{"taxonomy":"category","embeddable":true,"href":"https:\/\/www.europesays.com\/ee\/wp-json\/wp\/v2\/categories?post=241682"},{"taxonomy":"post_tag","embeddable":true,"href":"https:\/\/www.europesays.com\/ee\/wp-json\/wp\/v2\/tags?post=241682"}],"curies":[{"name":"wp","href":"https:\/\/api.w.org\/{rel}","templated":true}]}}