{"id":241780,"date":"2026-08-01T05:08:10","date_gmt":"2026-08-01T05:08:10","guid":{"rendered":"https:\/\/www.europesays.com\/ee\/241780\/"},"modified":"2026-08-01T05:08:10","modified_gmt":"2026-08-01T05:08:10","slug":"galerii-%e2%9f%a9-suvituslinna-kogunenud-festivalipublik-sai-osa-valgusetendusest-louna-eesti-postimees","status":"publish","type":"post","link":"https:\/\/www.europesays.com\/ee\/241780\/","title":{"rendered":"GALERII \u27e9 Suvituslinna kogunenud festivalipublik sai osa valgusetendusest &#8211; L\u00f5una-Eesti Postimees"},"content":{"rendered":"<ol>\n<li><a href=\"https:\/\/news.google.com\/rss\/articles\/CBMitgFBVV95cUxOd1BjREg0Q0YwQW56NFp3NG1BdkkzeTNwbDRKNGVxSGNsUGdjMzJOMURkRTdYYnRORTVSd2YyNEw0UXZiSDYzVV8tYXVWRGJ5OE1TckZuRnRMV1VZWkk1dmZQRjZ5MHpzbkNJVmp6cDlGVjJNaHEtOG1Ed3BHblVHZ216b2ZiT05aS0RoSmtlTml3dnBlemszWFhfNl9iZmp2dFZYeHFlczItajBHQThGN3FxdE5aQQ?oc=5\" target=\"_blank\" rel=\"nofollow noopener\">GALERII \u27e9 Suvituslinna kogunenud festivalipublik sai osa valgusetendusest<\/a>&nbsp;&nbsp;L\u00f5una-Eesti Postimees<\/li>\n<li><a href=\"https:\/\/news.google.com\/rss\/articles\/CBMiW0FVX3lxTE1RQlU5NmpoajNYRDFicHR6TExUVGtrb1FTRU1UMHZOMmlaWGxNUF8wdy15aFlNMm00ZXYycUdJc0U5b0E4MUNrX3pBNUthLUlVMnhCdHRmS05iOVk?oc=5\" target=\"_blank\" rel=\"nofollow noopener\">SADU, ANGUS, REKET, EIK, DUO RUUT, STEN-OLLE JPT NING VALGUS- JA TULEMAAGIA \u2013 V\u00d5NGE X T\u00d5RVA TULE-P\u00c4EVAD SEL N\u00c4DALAVAHETUSEL<\/a>&nbsp;&nbsp;MuusikaPlaneet &#8211;<\/li>\n<li><a href=\"https:\/\/news.google.com\/rss\/articles\/CBMikwFBVV95cUxNRkpFWUY2QVhUbmhiN1NSUlFvRWNlVm5NWnd2WVIxRGxCOWo1SGZuYkVxLU9pYzFFQjVoTXNlZVNUakRPOTdJcUllenBhTXBFV245d016LTFzOWNGUnpNalFRUGp5X1dnVEtJZ3lGRVFXTGppa0JEUm1fSXVGaGJ6cjRDOHgydkZHbHhSQ0xTektqSVE?oc=5\" target=\"_blank\" rel=\"nofollow noopener\">T\u00f5rva muutub n\u00e4dalavahetuseks muinasjutuliseks heli- ja tulemaailmaks<\/a>&nbsp;&nbsp;Head Uudised<\/li>\n<\/ol>\n","protected":false},"excerpt":{"rendered":"GALERII \u27e9 Suvituslinna kogunenud festivalipublik sai osa valgusetendusest&nbsp;&nbsp;L\u00f5una-Eesti Postimees SADU, ANGUS, REKET, EIK, DUO RUUT, STEN-OLLE JPT NING&hellip;\n","protected":false},"author":2,"featured_media":241781,"comment_status":"","ping_status":"","sticky":false,"template":"","format":"standard","meta":{"footnotes":"","_share_on_mastodon":"0"},"categories":[80],"tags":[26,27,37,33,35,34,36,31,32,21,28,29,95,19,95695,25,23,24,13630,95696,22,20,95697,95698,30,94867,92,93,94],"class_list":["post-241780","post","type-post","status-publish","format-standard","has-post-thumbnail","category-maailm","tag-breaking-news","tag-breakingnews","tag-ee","tag-eesti","tag-eesti-keel","tag-estonia","tag-estonian","tag-featured-news","tag-featurednews","tag-headlines","tag-latest-news","tag-latestnews","tag-maailm","tag-news","tag-ohne-jogi","tag-populaarseimad-lood","tag-top-stories","tag-topstories","tag-torva","tag-torva-tulepaevad","tag-uldised-uudised","tag-uudised","tag-valgusinstallatsioon","tag-valguskunst","tag-viimased-uudised","tag-vonge-festival","tag-world","tag-world-news","tag-worldnews"],"share_on_mastodon":{"url":"https:\/\/pubeurope.com\/@ee\/117018525959857377","error":""},"_links":{"self":[{"href":"https:\/\/www.europesays.com\/ee\/wp-json\/wp\/v2\/posts\/241780","targetHints":{"allow":["GET"]}}],"collection":[{"href":"https:\/\/www.europesays.com\/ee\/wp-json\/wp\/v2\/posts"}],"about":[{"href":"https:\/\/www.europesays.com\/ee\/wp-json\/wp\/v2\/types\/post"}],"author":[{"embeddable":true,"href":"https:\/\/www.europesays.com\/ee\/wp-json\/wp\/v2\/users\/2"}],"replies":[{"embeddable":true,"href":"https:\/\/www.europesays.com\/ee\/wp-json\/wp\/v2\/comments?post=241780"}],"version-history":[{"count":0,"href":"https:\/\/www.europesays.com\/ee\/wp-json\/wp\/v2\/posts\/241780\/revisions"}],"wp:featuredmedia":[{"embeddable":true,"href":"https:\/\/www.europesays.com\/ee\/wp-json\/wp\/v2\/media\/241781"}],"wp:attachment":[{"href":"https:\/\/www.europesays.com\/ee\/wp-json\/wp\/v2\/media?parent=241780"}],"wp:term":[{"taxonomy":"category","embeddable":true,"href":"https:\/\/www.europesays.com\/ee\/wp-json\/wp\/v2\/categories?post=241780"},{"taxonomy":"post_tag","embeddable":true,"href":"https:\/\/www.europesays.com\/ee\/wp-json\/wp\/v2\/tags?post=241780"}],"curies":[{"name":"wp","href":"https:\/\/api.w.org\/{rel}","templated":true}]}}