{"id":241830,"date":"2026-08-01T06:37:07","date_gmt":"2026-08-01T06:37:07","guid":{"rendered":"https:\/\/www.europesays.com\/ee\/241830\/"},"modified":"2026-08-01T06:37:07","modified_gmt":"2026-08-01T06:37:07","slug":"itaallane-soidab-omaparase-rattaga-labi-eesti-singapuri-kaaslaseks-vaid-koer-jack","status":"publish","type":"post","link":"https:\/\/www.europesays.com\/ee\/241830\/","title":{"rendered":"Itaallane s\u00f5idab omap\u00e4rase rattaga l\u00e4bi Eesti Singapuri \u2013 kaaslaseks vaid koer Jack"},"content":{"rendered":"<p class=\"MsoNormal\">Kaugelt tundub, nagu l\u00e4heneks v\u00e4ike p\u00e4ikeseenergial t\u00f6\u00f6tav matkaauto. Alles l\u00e4hemale j\u00f5udes saab aru, et mootorim\u00fcrinat polegi. Aeglaselt m\u00f6\u00f6da maanteed veereb hoopis kuuerattaline jalgratas, mille katusel s\u00e4ravad p\u00e4ikesepaneelid. Haagises magab koer Jack. Rooli taga v\u00e4ntab itaallane Paolo Puccini, kes peatub paariks p\u00e4evaks Tartus ja esineb kohalikes Itaalia toidukohtades. See ei ole tema l\u00f5plik peatuspaik. Ta on teel Singapuri.<\/p>\n<p class=\"MsoNormal\">Puccini s\u00f5iduk ei meenuta tavalist jalgratast. Sellel on neli ratast, taga kahe rattaga haagis ning kogu konstruktsiooni kohal paiknevad p\u00e4ikesepaneelid.<\/p>\n","protected":false},"excerpt":{"rendered":"Kaugelt tundub, nagu l\u00e4heneks v\u00e4ike p\u00e4ikeseenergial t\u00f6\u00f6tav matkaauto. Alles l\u00e4hemale j\u00f5udes saab aru, et mootorim\u00fcrinat polegi. Aeglaselt m\u00f6\u00f6da&hellip;\n","protected":false},"author":2,"featured_media":241831,"comment_status":"","ping_status":"","sticky":false,"template":"","format":"standard","meta":{"footnotes":"","_share_on_mastodon":"0"},"categories":[80],"tags":[26,27,37,33,35,95716,34,36,31,32,21,28,29,95,19,8418,95715,95717,25,7594,249,23,24,22,20,30,92,93,94],"class_list":["post-241830","post","type-post","status-publish","format-standard","has-post-thumbnail","category-maailm","tag-breaking-news","tag-breakingnews","tag-ee","tag-eesti","tag-eesti-keel","tag-equality-trip","tag-estonia","tag-estonian","tag-featured-news","tag-featurednews","tag-headlines","tag-latest-news","tag-latestnews","tag-maailm","tag-news","tag-paikeseenergia","tag-paolo-puccini","tag-pedaaliabiga-elektriratas","tag-populaarseimad-lood","tag-singapur","tag-tartu","tag-top-stories","tag-topstories","tag-uldised-uudised","tag-uudised","tag-viimased-uudised","tag-world","tag-world-news","tag-worldnews"],"share_on_mastodon":{"url":"","error":""},"_links":{"self":[{"href":"https:\/\/www.europesays.com\/ee\/wp-json\/wp\/v2\/posts\/241830","targetHints":{"allow":["GET"]}}],"collection":[{"href":"https:\/\/www.europesays.com\/ee\/wp-json\/wp\/v2\/posts"}],"about":[{"href":"https:\/\/www.europesays.com\/ee\/wp-json\/wp\/v2\/types\/post"}],"author":[{"embeddable":true,"href":"https:\/\/www.europesays.com\/ee\/wp-json\/wp\/v2\/users\/2"}],"replies":[{"embeddable":true,"href":"https:\/\/www.europesays.com\/ee\/wp-json\/wp\/v2\/comments?post=241830"}],"version-history":[{"count":0,"href":"https:\/\/www.europesays.com\/ee\/wp-json\/wp\/v2\/posts\/241830\/revisions"}],"wp:featuredmedia":[{"embeddable":true,"href":"https:\/\/www.europesays.com\/ee\/wp-json\/wp\/v2\/media\/241831"}],"wp:attachment":[{"href":"https:\/\/www.europesays.com\/ee\/wp-json\/wp\/v2\/media?parent=241830"}],"wp:term":[{"taxonomy":"category","embeddable":true,"href":"https:\/\/www.europesays.com\/ee\/wp-json\/wp\/v2\/categories?post=241830"},{"taxonomy":"post_tag","embeddable":true,"href":"https:\/\/www.europesays.com\/ee\/wp-json\/wp\/v2\/tags?post=241830"}],"curies":[{"name":"wp","href":"https:\/\/api.w.org\/{rel}","templated":true}]}}