{"id":241860,"date":"2026-08-01T07:30:11","date_gmt":"2026-08-01T07:30:11","guid":{"rendered":"https:\/\/www.europesays.com\/ee\/241860\/"},"modified":"2026-08-01T07:30:11","modified_gmt":"2026-08-01T07:30:11","slug":"molder-joudis-dublini-m15-turniiril-kindla-voiduga-poolfinaali-tennis","status":"publish","type":"post","link":"https:\/\/www.europesays.com\/ee\/241860\/","title":{"rendered":"M\u00f6lder j\u00f5udis Dublini M15 turniiril kindla v\u00f5iduga poolfinaali | Tennis"},"content":{"rendered":"<p>Dublini M15 turniiril alistas seitsmendana asetatud Markus M\u00f6lder (ATP 892.) veerandfinaalis neljandana asetatud iirlase Michael Agwi (ATP 795.) kindlalt 6:1, 6:4.<\/p>\n<p>Kuigi Agwi paikneb maailma edetabelis M\u00f6ldrist k\u00f5rgemal, ei kujunenud kohtumine Eesti tennisistile kuigi keeruliseks. M\u00f6lder kontrollis m\u00e4ngu algusest l\u00f5puni ning vormistas veenva v\u00f5idu, vahendab <a href=\"https:\/\/tennisnet.ee\/markus-molder-probleemideta-dublini-turniiri-poolfinaalis\/\" target=\"_blank\" rel=\"noopener nofollow\">Tennisnet.ee.<\/a><\/p>\n<p>Poolfinaalis ootab M\u00f6lderit ees aga m\u00e4rksa t\u00f5sisem katsumus, kui tema vastaseks on turniiri esimesena asetatud prantslane Robin Catry (ATP 604.). Prantslane pidi veerandfinaalis v\u00f5idu nimel k\u00f5vasti vaeva n\u00e4gema ja alistas oma vastase alles kolmes setis.<\/p>\n<p>M\u00f6lder ja Catry ei ole seni omavahel kohtunud. Prantslase senine k\u00f5rgeim ATP edetabelikoht on olnud 491.<\/p>\n","protected":false},"excerpt":{"rendered":"Dublini M15 turniiril alistas seitsmendana asetatud Markus M\u00f6lder (ATP 892.) veerandfinaalis neljandana asetatud iirlase Michael Agwi (ATP 795.)&hellip;\n","protected":false},"author":2,"featured_media":241861,"comment_status":"","ping_status":"","sticky":false,"template":"","format":"standard","meta":{"footnotes":"","_share_on_mastodon":"0"},"categories":[18],"tags":[37,33,35,34,36,6878,159,158],"class_list":["post-241860","post","type-post","status-publish","format-standard","has-post-thumbnail","category-sport","tag-ee","tag-eesti","tag-eesti-keel","tag-estonia","tag-estonian","tag-markus-molder","tag-sport","tag-sports"],"share_on_mastodon":{"url":"https:\/\/pubeurope.com\/@ee\/117019084387523072","error":""},"_links":{"self":[{"href":"https:\/\/www.europesays.com\/ee\/wp-json\/wp\/v2\/posts\/241860","targetHints":{"allow":["GET"]}}],"collection":[{"href":"https:\/\/www.europesays.com\/ee\/wp-json\/wp\/v2\/posts"}],"about":[{"href":"https:\/\/www.europesays.com\/ee\/wp-json\/wp\/v2\/types\/post"}],"author":[{"embeddable":true,"href":"https:\/\/www.europesays.com\/ee\/wp-json\/wp\/v2\/users\/2"}],"replies":[{"embeddable":true,"href":"https:\/\/www.europesays.com\/ee\/wp-json\/wp\/v2\/comments?post=241860"}],"version-history":[{"count":0,"href":"https:\/\/www.europesays.com\/ee\/wp-json\/wp\/v2\/posts\/241860\/revisions"}],"wp:featuredmedia":[{"embeddable":true,"href":"https:\/\/www.europesays.com\/ee\/wp-json\/wp\/v2\/media\/241861"}],"wp:attachment":[{"href":"https:\/\/www.europesays.com\/ee\/wp-json\/wp\/v2\/media?parent=241860"}],"wp:term":[{"taxonomy":"category","embeddable":true,"href":"https:\/\/www.europesays.com\/ee\/wp-json\/wp\/v2\/categories?post=241860"},{"taxonomy":"post_tag","embeddable":true,"href":"https:\/\/www.europesays.com\/ee\/wp-json\/wp\/v2\/tags?post=241860"}],"curies":[{"name":"wp","href":"https:\/\/api.w.org\/{rel}","templated":true}]}}