{"id":241906,"date":"2026-08-01T09:13:07","date_gmt":"2026-08-01T09:13:07","guid":{"rendered":"https:\/\/www.europesays.com\/ee\/241906\/"},"modified":"2026-08-01T09:13:07","modified_gmt":"2026-08-01T09:13:07","slug":"fotod-vonge-ja-torva-tule-paevad-uhendasid-joud-avaohtul-oli-aaretult-popp-sadu-esinemine-kroonika","status":"publish","type":"post","link":"https:\/\/www.europesays.com\/ee\/241906\/","title":{"rendered":"FOTOD | V\u00f5nge ja T\u00f5rva Tule-P\u00e4evad \u00fchendasid j\u00f5ud! Ava\u00f5htul oli \u00e4\u00e4retult popp Sadu esinemine &#8211; Kroonika"},"content":{"rendered":"<ol>\n<li><a href=\"https:\/\/news.google.com\/rss\/articles\/CBMizwFBVV95cUxNS3NRZm1QdVlCcThybFZuM3FObS04aXMxN0I2TkRCWGxlWUVSTlROcnZXMXRkelROZDBQLUVnN2Q2dkNhVjFLdEk4T2tEV3kwOXJOblJNenJfdGg3Y00wWERLQkl1V1phMS1VWkRBT3dISGlmLXhvTWMtOHVXM0hYQ2MwSm1wX2JpRjRncGQxWFZTYnNndFF1aE5lX0ctcEpNUDRBMXdvNkVpYXhCVE9wOHNJOEVDMzBWem9zVVhudGViVkZzczNzR1VvamtWcXc?oc=5\" target=\"_blank\" rel=\"nofollow noopener\">FOTOD | V\u00f5nge ja T\u00f5rva Tule-P\u00e4evad \u00fchendasid j\u00f5ud! Ava\u00f5htul oli \u00e4\u00e4retult popp Sadu esinemine<\/a>&nbsp;&nbsp;Kroonika<\/li>\n<li><a href=\"https:\/\/news.google.com\/rss\/articles\/CBMiW0FVX3lxTE1RQlU5NmpoajNYRDFicHR6TExUVGtrb1FTRU1UMHZOMmlaWGxNUF8wdy15aFlNMm00ZXYycUdJc0U5b0E4MUNrX3pBNUthLUlVMnhCdHRmS05iOVk?oc=5\" target=\"_blank\" rel=\"nofollow noopener\">SADU, ANGUS, REKET, EIK, DUO RUUT, STEN-OLLE JPT NING VALGUS- JA TULEMAAGIA \u2013 V\u00d5NGE X T\u00d5RVA TULE-P\u00c4EVAD SEL N\u00c4DALAVAHETUSEL<\/a>&nbsp;&nbsp;MuusikaPlaneet &#8211;<\/li>\n<li><a href=\"https:\/\/news.google.com\/rss\/articles\/CBMikwFBVV95cUxNRkpFWUY2QVhUbmhiN1NSUlFvRWNlVm5NWnd2WVIxRGxCOWo1SGZuYkVxLU9pYzFFQjVoTXNlZVNUakRPOTdJcUllenBhTXBFV245d016LTFzOWNGUnpNalFRUGp5X1dnVEtJZ3lGRVFXTGppa0JEUm1fSXVGaGJ6cjRDOHgydkZHbHhSQ0xTektqSVE?oc=5\" target=\"_blank\" rel=\"nofollow noopener\">T\u00f5rva muutub n\u00e4dalavahetuseks muinasjutuliseks heli- ja tulemaailmaks<\/a>&nbsp;&nbsp;Head Uudised<\/li>\n<\/ol>\n","protected":false},"excerpt":{"rendered":"FOTOD | V\u00f5nge ja T\u00f5rva Tule-P\u00e4evad \u00fchendasid j\u00f5ud! Ava\u00f5htul oli \u00e4\u00e4retult popp Sadu esinemine&nbsp;&nbsp;Kroonika SADU, ANGUS, REKET, EIK,&hellip;\n","protected":false},"author":2,"featured_media":241907,"comment_status":"","ping_status":"","sticky":false,"template":"","format":"standard","meta":{"footnotes":"","_share_on_mastodon":"0"},"categories":[12],"tags":[26,27,2902,37,33,35,34,36,31,32,22411,21,28,29,19,25,5020,23,24,13630,22,20,30],"class_list":["post-241906","post","type-post","status-publish","format-standard","has-post-thumbnail","category-eesti","tag-breaking-news","tag-breakingnews","tag-duo-ruut","tag-ee","tag-eesti","tag-eesti-keel","tag-estonia","tag-estonian","tag-featured-news","tag-featurednews","tag-festival-vonge","tag-headlines","tag-latest-news","tag-latestnews","tag-news","tag-populaarseimad-lood","tag-sadu","tag-top-stories","tag-topstories","tag-torva","tag-uldised-uudised","tag-uudised","tag-viimased-uudised"],"share_on_mastodon":{"url":"https:\/\/pubeurope.com\/@ee\/117019489489649641","error":""},"_links":{"self":[{"href":"https:\/\/www.europesays.com\/ee\/wp-json\/wp\/v2\/posts\/241906","targetHints":{"allow":["GET"]}}],"collection":[{"href":"https:\/\/www.europesays.com\/ee\/wp-json\/wp\/v2\/posts"}],"about":[{"href":"https:\/\/www.europesays.com\/ee\/wp-json\/wp\/v2\/types\/post"}],"author":[{"embeddable":true,"href":"https:\/\/www.europesays.com\/ee\/wp-json\/wp\/v2\/users\/2"}],"replies":[{"embeddable":true,"href":"https:\/\/www.europesays.com\/ee\/wp-json\/wp\/v2\/comments?post=241906"}],"version-history":[{"count":0,"href":"https:\/\/www.europesays.com\/ee\/wp-json\/wp\/v2\/posts\/241906\/revisions"}],"wp:featuredmedia":[{"embeddable":true,"href":"https:\/\/www.europesays.com\/ee\/wp-json\/wp\/v2\/media\/241907"}],"wp:attachment":[{"href":"https:\/\/www.europesays.com\/ee\/wp-json\/wp\/v2\/media?parent=241906"}],"wp:term":[{"taxonomy":"category","embeddable":true,"href":"https:\/\/www.europesays.com\/ee\/wp-json\/wp\/v2\/categories?post=241906"},{"taxonomy":"post_tag","embeddable":true,"href":"https:\/\/www.europesays.com\/ee\/wp-json\/wp\/v2\/tags?post=241906"}],"curies":[{"name":"wp","href":"https:\/\/api.w.org\/{rel}","templated":true}]}}