{"id":242024,"date":"2026-08-01T13:15:09","date_gmt":"2026-08-01T13:15:09","guid":{"rendered":"https:\/\/www.europesays.com\/ee\/242024\/"},"modified":"2026-08-01T13:15:09","modified_gmt":"2026-08-01T13:15:09","slug":"leedu-kavatseb-karmistada-piiranguid-kremli-meelsetele-venemaa-ja-valgevene-isikutele","status":"publish","type":"post","link":"https:\/\/www.europesays.com\/ee\/242024\/","title":{"rendered":"Leedu kavatseb karmistada piiranguid Kremli-meelsetele Venemaa ja Valgevene isikutele"},"content":{"rendered":"<p class=\"Paragraph SCXW142507209 BCX0\">V\u00e4lisministeeriumi esitatud meetmed keelaksid Venemaa ja Valgevene isikutel avaliku tegevuse hariduse, teaduse, kultuuri, spordi, kunsti ja meelelahutuse valdkonnas, kui nad on toetanud Venemaa s\u00f5da Ukraina vastu, t\u00f6\u00f6tanud okupeeritud Ukraina aladel, toetanud repressioone Venemaal v\u00f5i Valgevenes v\u00f5i keeldunud allkirjastamast Moskva sissetungi hukkam\u00f5istvat deklaratsiooni.<\/p>\n","protected":false},"excerpt":{"rendered":"V\u00e4lisministeeriumi esitatud meetmed keelaksid Venemaa ja Valgevene isikutel avaliku tegevuse hariduse, teaduse, kultuuri, spordi, kunsti ja meelelahutuse valdkonnas,&hellip;\n","protected":false},"author":2,"featured_media":242025,"comment_status":"","ping_status":"","sticky":false,"template":"","format":"standard","meta":{"footnotes":"","_share_on_mastodon":"0"},"categories":[80],"tags":[2332,26,27,37,33,35,34,36,31,32,21,28,29,115,95782,95,19,87942,25,616,23,24,22,20,2170,1929,96,30,92,93,94],"class_list":["post-242024","post","type-post","status-publish","format-standard","has-post-thumbnail","category-maailm","tag-balti-riigid","tag-breaking-news","tag-breakingnews","tag-ee","tag-eesti","tag-eesti-keel","tag-estonia","tag-estonian","tag-featured-news","tag-featurednews","tag-headlines","tag-latest-news","tag-latestnews","tag-leedu","tag-leedu-parlament","tag-maailm","tag-news","tag-pehme-joud","tag-populaarseimad-lood","tag-propaganda","tag-top-stories","tag-topstories","tag-uldised-uudised","tag-uudised","tag-valgevene","tag-vene-ukraina-soda","tag-venemaa","tag-viimased-uudised","tag-world","tag-world-news","tag-worldnews"],"share_on_mastodon":{"url":"https:\/\/pubeurope.com\/@ee\/117020441038245634","error":""},"_links":{"self":[{"href":"https:\/\/www.europesays.com\/ee\/wp-json\/wp\/v2\/posts\/242024","targetHints":{"allow":["GET"]}}],"collection":[{"href":"https:\/\/www.europesays.com\/ee\/wp-json\/wp\/v2\/posts"}],"about":[{"href":"https:\/\/www.europesays.com\/ee\/wp-json\/wp\/v2\/types\/post"}],"author":[{"embeddable":true,"href":"https:\/\/www.europesays.com\/ee\/wp-json\/wp\/v2\/users\/2"}],"replies":[{"embeddable":true,"href":"https:\/\/www.europesays.com\/ee\/wp-json\/wp\/v2\/comments?post=242024"}],"version-history":[{"count":0,"href":"https:\/\/www.europesays.com\/ee\/wp-json\/wp\/v2\/posts\/242024\/revisions"}],"wp:featuredmedia":[{"embeddable":true,"href":"https:\/\/www.europesays.com\/ee\/wp-json\/wp\/v2\/media\/242025"}],"wp:attachment":[{"href":"https:\/\/www.europesays.com\/ee\/wp-json\/wp\/v2\/media?parent=242024"}],"wp:term":[{"taxonomy":"category","embeddable":true,"href":"https:\/\/www.europesays.com\/ee\/wp-json\/wp\/v2\/categories?post=242024"},{"taxonomy":"post_tag","embeddable":true,"href":"https:\/\/www.europesays.com\/ee\/wp-json\/wp\/v2\/tags?post=242024"}],"curies":[{"name":"wp","href":"https:\/\/api.w.org\/{rel}","templated":true}]}}