{"id":242048,"date":"2026-08-01T14:35:07","date_gmt":"2026-08-01T14:35:07","guid":{"rendered":"https:\/\/www.europesays.com\/ee\/242048\/"},"modified":"2026-08-01T14:35:07","modified_gmt":"2026-08-01T14:35:07","slug":"esinumbri-alistanud-molder-paases-dublinis-finaali-tennis","status":"publish","type":"post","link":"https:\/\/www.europesays.com\/ee\/242048\/","title":{"rendered":"Esinumbri alistanud M\u00f6lder p\u00e4\u00e4ses Dublinis finaali | Tennis"},"content":{"rendered":"<p>Tennisist Markus M\u00f6lder (ATP 892.) p\u00e4\u00e4ses Dublinis toimuval M15 turniiril finaali, kui alistas kaks ja pool tundi v\u00e4ldanud mat\u0161i j\u00e4rel esinumber Robin Catry (ATP 604.).<\/p>\n<p>Poolfinaali avasett kulges tasav\u00e4giselt ning mehed vahetasid seitsmendana asetatud M\u00f6lderi juhtimisel geimiv\u00f5itusid kuni seisuni 2:2, mil prantslane esimese murde sai. 21-aastane M\u00f6lder vastas juba j\u00e4rgmises geimis ning kumbki mees ei suutnud seej\u00e4rel teisest eralduda.<\/p>\n<p>L\u00f5ppm\u00e4ngus j\u00e4i M\u00f6lder 0:2 kaotusseisu, aga skooris siis viis punkti j\u00e4rjest. Seej\u00e4rel loovutas eestlane vastasele kolm silma, aga suutis viigiseisult ise kaks punkti v\u00f5tta ning 7:6 (5) v\u00f5idu vormistada.<\/p>\n<p>Teine sett algas samuti tasav\u00e4giselt, aga Catry v\u00f5itis 3:3 viigiseisult kolm geimi j\u00e4rjest ning viis 6:3 v\u00f5iduga mat\u0161i otsustavasse setti. Seal n\u00e4itas M\u00f6lder aga taset ning v\u00f5itis esimesed kolm geimi, misj\u00e4rel ta enam vastast m\u00e4ngu ei lubanud, teenides 7:6 (5), 3:6, 6:2 v\u00f5iduga koha finaalis.<\/p>\n<p>M\u00f6lder m\u00e4ngib finaalis iirlase Conor Gannoniga (ATP 1031.), kes alistas teises poolfinaalis hollandlase Daniel De Jonge (ATP 603.) 6:4, 7:6 (6).<\/p>\n<p>Maileen Nuudi (WTA 1143.) teekond Soomes Savitaipales toimuval W15 turniiril sai aga poolfinaalis l\u00f5pu, kui eestlanna pidi tunnistama l\u00f5unanaabri Elza Tomase (WTA 730.) paremust tulemusega 6:4, 6:1.<\/p>\n","protected":false},"excerpt":{"rendered":"Tennisist Markus M\u00f6lder (ATP 892.) p\u00e4\u00e4ses Dublinis toimuval M15 turniiril finaali, kui alistas kaks ja pool tundi v\u00e4ldanud&hellip;\n","protected":false},"author":2,"featured_media":242049,"comment_status":"","ping_status":"","sticky":false,"template":"","format":"standard","meta":{"footnotes":"","_share_on_mastodon":"0"},"categories":[5],"tags":[26,27,37,33,35,34,36,31,32,21,28,29,40588,6878,19,25,23,24,22,20,30],"class_list":["post-242048","post","type-post","status-publish","format-standard","has-post-thumbnail","category-uldised-uudised","tag-breaking-news","tag-breakingnews","tag-ee","tag-eesti","tag-eesti-keel","tag-estonia","tag-estonian","tag-featured-news","tag-featurednews","tag-headlines","tag-latest-news","tag-latestnews","tag-maileen-nuudi","tag-markus-molder","tag-news","tag-populaarseimad-lood","tag-top-stories","tag-topstories","tag-uldised-uudised","tag-uudised","tag-viimased-uudised"],"share_on_mastodon":{"url":"https:\/\/pubeurope.com\/@ee\/117020755604039646","error":""},"_links":{"self":[{"href":"https:\/\/www.europesays.com\/ee\/wp-json\/wp\/v2\/posts\/242048","targetHints":{"allow":["GET"]}}],"collection":[{"href":"https:\/\/www.europesays.com\/ee\/wp-json\/wp\/v2\/posts"}],"about":[{"href":"https:\/\/www.europesays.com\/ee\/wp-json\/wp\/v2\/types\/post"}],"author":[{"embeddable":true,"href":"https:\/\/www.europesays.com\/ee\/wp-json\/wp\/v2\/users\/2"}],"replies":[{"embeddable":true,"href":"https:\/\/www.europesays.com\/ee\/wp-json\/wp\/v2\/comments?post=242048"}],"version-history":[{"count":0,"href":"https:\/\/www.europesays.com\/ee\/wp-json\/wp\/v2\/posts\/242048\/revisions"}],"wp:featuredmedia":[{"embeddable":true,"href":"https:\/\/www.europesays.com\/ee\/wp-json\/wp\/v2\/media\/242049"}],"wp:attachment":[{"href":"https:\/\/www.europesays.com\/ee\/wp-json\/wp\/v2\/media?parent=242048"}],"wp:term":[{"taxonomy":"category","embeddable":true,"href":"https:\/\/www.europesays.com\/ee\/wp-json\/wp\/v2\/categories?post=242048"},{"taxonomy":"post_tag","embeddable":true,"href":"https:\/\/www.europesays.com\/ee\/wp-json\/wp\/v2\/tags?post=242048"}],"curies":[{"name":"wp","href":"https:\/\/api.w.org\/{rel}","templated":true}]}}