{"id":24216,"date":"2025-10-21T09:10:07","date_gmt":"2025-10-21T09:10:07","guid":{"rendered":"https:\/\/www.europesays.com\/ee\/24216\/"},"modified":"2025-10-21T09:10:07","modified_gmt":"2025-10-21T09:10:07","slug":"laane-virumaa-esitas-ligi-3-miljoni-euro-suuruse-taotluse-piirkonna-ettevotluse-ja-elukeskkonna-arendamiseks","status":"publish","type":"post","link":"https:\/\/www.europesays.com\/ee\/24216\/","title":{"rendered":"L\u00e4\u00e4ne-Virumaa esitas ligi 3 miljoni euro suuruse taotluse piirkonna ettev\u00f5tluse ja elukeskkonna arendamiseks"},"content":{"rendered":"<p>Projekt keskendub koost\u00f6\u00f6v\u00f5rgustike arendamisele, ettev\u00f5tlusteadlikkuse suurendamisele noorte seas, kestliku ettev\u00f5tluse ja ringmajanduse edendamisele ning maakonna kui atraktiivse ettev\u00f5tluspiirkonna kuvandi tugevdamisele. Oluline osa projektist on suunatud t\u00f6\u00f6stusalade arendusse Tapa ja Rakvere vallas, kus kavandatakse investeeringuid kaasaegse ja tulevikukindla ettev\u00f5tlustaristu loomiseks.<\/p>\n<p>Investeeringud loovad ettev\u00f5tetele paremad v\u00f5imalused laienemiseks ning aitavad kaasa uute ettev\u00f5tete ja t\u00f6\u00f6kohtade tekkimisele maakonnas. Tegevustega sihistatakse 2024.aasta l\u00f5pus valminud maakondliku ettev\u00f5tlusstrateegia eesm\u00e4rke.<\/p>\n","protected":false},"excerpt":{"rendered":"Projekt keskendub koost\u00f6\u00f6v\u00f5rgustike arendamisele, ettev\u00f5tlusteadlikkuse suurendamisele noorte seas, kestliku ettev\u00f5tluse ja ringmajanduse edendamisele ning maakonna kui atraktiivse ettev\u00f5tluspiirkonna&hellip;\n","protected":false},"author":2,"featured_media":24217,"comment_status":"","ping_status":"","sticky":false,"template":"","format":"standard","meta":{"footnotes":"","_share_on_mastodon":"0"},"categories":[12],"tags":[26,27,37,33,35,34,36,31,32,21,28,29,19,25,23,24,22,20,30,13498],"class_list":["post-24216","post","type-post","status-publish","format-standard","has-post-thumbnail","category-eesti","tag-breaking-news","tag-breakingnews","tag-ee","tag-eesti","tag-eesti-keel","tag-estonia","tag-estonian","tag-featured-news","tag-featurednews","tag-headlines","tag-latest-news","tag-latestnews","tag-news","tag-populaarseimad-lood","tag-top-stories","tag-topstories","tag-uldised-uudised","tag-uudised","tag-viimased-uudised","tag-virol"],"share_on_mastodon":{"url":"","error":""},"_links":{"self":[{"href":"https:\/\/www.europesays.com\/ee\/wp-json\/wp\/v2\/posts\/24216","targetHints":{"allow":["GET"]}}],"collection":[{"href":"https:\/\/www.europesays.com\/ee\/wp-json\/wp\/v2\/posts"}],"about":[{"href":"https:\/\/www.europesays.com\/ee\/wp-json\/wp\/v2\/types\/post"}],"author":[{"embeddable":true,"href":"https:\/\/www.europesays.com\/ee\/wp-json\/wp\/v2\/users\/2"}],"replies":[{"embeddable":true,"href":"https:\/\/www.europesays.com\/ee\/wp-json\/wp\/v2\/comments?post=24216"}],"version-history":[{"count":0,"href":"https:\/\/www.europesays.com\/ee\/wp-json\/wp\/v2\/posts\/24216\/revisions"}],"wp:featuredmedia":[{"embeddable":true,"href":"https:\/\/www.europesays.com\/ee\/wp-json\/wp\/v2\/media\/24217"}],"wp:attachment":[{"href":"https:\/\/www.europesays.com\/ee\/wp-json\/wp\/v2\/media?parent=24216"}],"wp:term":[{"taxonomy":"category","embeddable":true,"href":"https:\/\/www.europesays.com\/ee\/wp-json\/wp\/v2\/categories?post=24216"},{"taxonomy":"post_tag","embeddable":true,"href":"https:\/\/www.europesays.com\/ee\/wp-json\/wp\/v2\/tags?post=24216"}],"curies":[{"name":"wp","href":"https:\/\/api.w.org\/{rel}","templated":true}]}}