{"id":242164,"date":"2026-08-01T18:26:10","date_gmt":"2026-08-01T18:26:10","guid":{"rendered":"https:\/\/www.europesays.com\/ee\/242164\/"},"modified":"2026-08-01T18:26:10","modified_gmt":"2026-08-01T18:26:10","slug":"zaitsev-saavutas-sloveenias-esikoha-tribuntsov-sai-disklahvi-ujumine","status":"publish","type":"post","link":"https:\/\/www.europesays.com\/ee\/242164\/","title":{"rendered":"Zaitsev saavutas Sloveenias esikoha, Tribuntsov sai disklahvi | Ujumine"},"content":{"rendered":"<p>Ujuja Daniel Zaitsev teenis Sloveenias Mariboris toimuvatel kohalikel meistriv\u00f5istlustel 50 meetri liblikujumises esikoha, Ralf Tribuntsov sai eelujumistes disklahvi.<\/p>\n<p>Zaitsev sai eelujumises ajaks 23,89, teenides oma ujumises v\u00f5idu enam kui pooleteise sekundiga. 28-aastase eestlase v\u00f5imas hoog j\u00e4tkus ka finaalis, kus ta puudutas seina ajaga 23,39, saavutades sellega kindla esikoha. Teise koha sai kohalik mees Svit Popovic (24,72), esikolmikusse mahtus veel Bosnia ja Hertsegoviina ujuja Adi Me\u0161etovic (25,11).<\/p>\n<p>Eelujumistest v\u00f5ttis osa ka Ralf Tribuntsov, kes sai aga disklahvi. Protokolli m\u00e4rgiti, et eestlane rikkus reegleid, kui ei tulnud \u00f5igeks ajaks vee peale.<\/p>\n<p>Tribuntsov stardib Mariboris veel 50 meetri seliliujumises, augustis v\u00f5istlevad <a href=\"https:\/\/sport.err.ee\/1610100542\/eesti-saadab-ujumise-em-ile-20-sportlast\" target=\"_blank\" rel=\"noopener nofollow\">nii Tribuntsov kui ka Zaitsev<\/a> Euroopa meistriv\u00f5istlustel.<\/p>\n","protected":false},"excerpt":{"rendered":"Ujuja Daniel Zaitsev teenis Sloveenias Mariboris toimuvatel kohalikel meistriv\u00f5istlustel 50 meetri liblikujumises esikoha, Ralf Tribuntsov sai eelujumistes disklahvi.&hellip;\n","protected":false},"author":2,"featured_media":242165,"comment_status":"","ping_status":"","sticky":false,"template":"","format":"standard","meta":{"footnotes":"","_share_on_mastodon":"0"},"categories":[5],"tags":[26,27,5145,37,33,35,34,36,31,32,21,28,29,19,25,5129,23,24,22,20,30],"class_list":["post-242164","post","type-post","status-publish","format-standard","has-post-thumbnail","category-uldised-uudised","tag-breaking-news","tag-breakingnews","tag-daniel-zaitsev","tag-ee","tag-eesti","tag-eesti-keel","tag-estonia","tag-estonian","tag-featured-news","tag-featurednews","tag-headlines","tag-latest-news","tag-latestnews","tag-news","tag-populaarseimad-lood","tag-ralf-tribuntsov","tag-top-stories","tag-topstories","tag-uldised-uudised","tag-uudised","tag-viimased-uudised"],"share_on_mastodon":{"url":"https:\/\/pubeurope.com\/@ee\/117021663909272842","error":""},"_links":{"self":[{"href":"https:\/\/www.europesays.com\/ee\/wp-json\/wp\/v2\/posts\/242164","targetHints":{"allow":["GET"]}}],"collection":[{"href":"https:\/\/www.europesays.com\/ee\/wp-json\/wp\/v2\/posts"}],"about":[{"href":"https:\/\/www.europesays.com\/ee\/wp-json\/wp\/v2\/types\/post"}],"author":[{"embeddable":true,"href":"https:\/\/www.europesays.com\/ee\/wp-json\/wp\/v2\/users\/2"}],"replies":[{"embeddable":true,"href":"https:\/\/www.europesays.com\/ee\/wp-json\/wp\/v2\/comments?post=242164"}],"version-history":[{"count":0,"href":"https:\/\/www.europesays.com\/ee\/wp-json\/wp\/v2\/posts\/242164\/revisions"}],"wp:featuredmedia":[{"embeddable":true,"href":"https:\/\/www.europesays.com\/ee\/wp-json\/wp\/v2\/media\/242165"}],"wp:attachment":[{"href":"https:\/\/www.europesays.com\/ee\/wp-json\/wp\/v2\/media?parent=242164"}],"wp:term":[{"taxonomy":"category","embeddable":true,"href":"https:\/\/www.europesays.com\/ee\/wp-json\/wp\/v2\/categories?post=242164"},{"taxonomy":"post_tag","embeddable":true,"href":"https:\/\/www.europesays.com\/ee\/wp-json\/wp\/v2\/tags?post=242164"}],"curies":[{"name":"wp","href":"https:\/\/api.w.org\/{rel}","templated":true}]}}