{"id":242176,"date":"2026-08-01T18:55:32","date_gmt":"2026-08-01T18:55:32","guid":{"rendered":"https:\/\/www.europesays.com\/ee\/242176\/"},"modified":"2026-08-01T18:55:32","modified_gmt":"2026-08-01T18:55:32","slug":"bigbank-kalev-kindlustas-tagaliini-usa-korvpalluri-kasen-harrisoniga","status":"publish","type":"post","link":"https:\/\/www.europesays.com\/ee\/242176\/","title":{"rendered":"Bigbank\/Kalev kindlustas tagaliini USA korvpalluri Kasen Harrisoniga"},"content":{"rendered":"<p class=\"text-muted-foreground text-[15px] leading-relaxed\">Eesti korvpalliklubi Bigbank\/Kalev s\u00f5lmis 2026\/27 hooajaks lepingu 24-aastase Ameerika tagam\u00e4ngija Kasen Harrisoniga, kes on 188 cm pikk ja naaseb v\u00e4ljakule p\u00e4rast vigastusest tingitud vaheaastat.<\/p>\n<p><a class=\"border-border\/60 hover:border-foreground\/30 focus-visible:ring-foreground\/30 mt-3 flex items-center justify-between gap-3 border px-3 py-2 font-mono text-[10px] font-medium uppercase tracking-wide transition-colors duration-150 focus-visible:outline-none focus-visible:ring-2\" data-sentry-element=\"Link\" data-sentry-component=\"StoryCirculationTeaser\" data-sentry-source-file=\"StoryCirculation.tsx\" href=\"https:\/\/shortl.ee\/et\/estonia\" rel=\"nofollow noopener\" target=\"_blank\">T\u00c4NA \u00b7 5 LUGUVaata \u00fcle<\/a><\/p>\n<ul class=\"space-y-3 text-[15px] leading-relaxed\">\n<li class=\"flex gap-3\">\u2014Eesti korvpalliklubi Bigbank\/Kalev on s\u00f5lminud 24-aastase Ameerika tagam\u00e4ngija Kasen Harrisoniga lepingu eelseisvaks 2026\/27 hooajaks.<\/li>\n<li class=\"flex gap-3\">\u2014188 cm pikkune Harrison m\u00e4ngis varem viis hooaega USA \u00fclikoolikorvpallis, veetes esimesed kaks aastat Lamar Cardinalsi ja j\u00e4rgnevad kolm Winthrop Eaglesi ridades.<\/li>\n<li class=\"flex gap-3\">\u20142024\/25 hooajal kogus Harrison Winthropi eest keskmiselt 13,4 punkti, 4,5 s\u00f6\u00f6tu ja 2,4 lauapalli m\u00e4ngus, p\u00e4lvides Big Southi konverentsi auv\u00e4\u00e4rse mainimise ja koha Big Southi turniiri s\u00fcmboolses meeskonnas.<\/li>\n<li class=\"flex gap-3\">\u2014Harrison j\u00e4ttis eelmise hooaja vigastuse t\u00f5ttu vahele, kuid on n\u00fc\u00fcd valmis oma karj\u00e4\u00e4ri Eestis j\u00e4tkama.<\/li>\n<li class=\"flex gap-3\">\u2014Peatreener Brett N\u00f5mm t\u00f5stis esile Harrisoni kiirust, tugevat f\u00fc\u00fcsist ja v\u00f5imet korvi alla tungida, samuti tema oskust luua skoori tegemise v\u00f5imalusi ja avaldada kaitsepressi, pidades neid meeskonna jaoks olulisteks omadusteks.<\/li>\n<\/ul>\n","protected":false},"excerpt":{"rendered":"Eesti korvpalliklubi Bigbank\/Kalev s\u00f5lmis 2026\/27 hooajaks lepingu 24-aastase Ameerika tagam\u00e4ngija Kasen Harrisoniga, kes on 188 cm pikk ja&hellip;\n","protected":false},"author":2,"featured_media":242177,"comment_status":"","ping_status":"","sticky":false,"template":"","format":"standard","meta":{"footnotes":"","_share_on_mastodon":"0"},"categories":[18],"tags":[84975,37,33,35,34,36,95407,1513,16259,38385,159,158,325],"class_list":["post-242176","post","type-post","status-publish","format-standard","has-post-thumbnail","category-sport","tag-bigbank-kalev","tag-ee","tag-eesti","tag-eesti-keel","tag-estonia","tag-estonian","tag-kasen-harrison","tag-korvpall","tag-leping","tag-mangija","tag-sport","tag-sports","tag-usa"],"share_on_mastodon":{"url":"https:\/\/pubeurope.com\/@ee\/117021777977161449","error":""},"_links":{"self":[{"href":"https:\/\/www.europesays.com\/ee\/wp-json\/wp\/v2\/posts\/242176","targetHints":{"allow":["GET"]}}],"collection":[{"href":"https:\/\/www.europesays.com\/ee\/wp-json\/wp\/v2\/posts"}],"about":[{"href":"https:\/\/www.europesays.com\/ee\/wp-json\/wp\/v2\/types\/post"}],"author":[{"embeddable":true,"href":"https:\/\/www.europesays.com\/ee\/wp-json\/wp\/v2\/users\/2"}],"replies":[{"embeddable":true,"href":"https:\/\/www.europesays.com\/ee\/wp-json\/wp\/v2\/comments?post=242176"}],"version-history":[{"count":0,"href":"https:\/\/www.europesays.com\/ee\/wp-json\/wp\/v2\/posts\/242176\/revisions"}],"wp:featuredmedia":[{"embeddable":true,"href":"https:\/\/www.europesays.com\/ee\/wp-json\/wp\/v2\/media\/242177"}],"wp:attachment":[{"href":"https:\/\/www.europesays.com\/ee\/wp-json\/wp\/v2\/media?parent=242176"}],"wp:term":[{"taxonomy":"category","embeddable":true,"href":"https:\/\/www.europesays.com\/ee\/wp-json\/wp\/v2\/categories?post=242176"},{"taxonomy":"post_tag","embeddable":true,"href":"https:\/\/www.europesays.com\/ee\/wp-json\/wp\/v2\/tags?post=242176"}],"curies":[{"name":"wp","href":"https:\/\/api.w.org\/{rel}","templated":true}]}}