{"id":242182,"date":"2026-08-01T19:17:14","date_gmt":"2026-08-01T19:17:14","guid":{"rendered":"https:\/\/www.europesays.com\/ee\/242182\/"},"modified":"2026-08-01T19:17:14","modified_gmt":"2026-08-01T19:17:14","slug":"heina-eksimus-kinkis-vastasele-varava-aga-werder-voitis-ikkagi-soccernet-ee","status":"publish","type":"post","link":"https:\/\/www.europesays.com\/ee\/242182\/","title":{"rendered":"Heina eksimus kinkis vastasele v\u00e4rava, aga Werder v\u00f5itis ikkagi &#8211; Soccernet.ee"},"content":{"rendered":"<p><img decoding=\"async\" src=\"https:\/\/www.europesays.com\/ee\/wp-content\/uploads\/2026\/08\/1784895706.jpg\" alt=\"Karl Jakob Hein kaitses kontrollm\u00e4ngus Bremeni Werderi v\u00e4ravat 60 minutit. Foto: Scanpix \/ Nordphoto \/ Hafner\"\/>&#13;\n<\/p>\n<p>Karl Jakob Heina koduklubi Bremeni Werder alistas hooajaeelses kontrollm\u00e4ngus 4:2 Cottbusi Energie. Eesti koondise v\u00e4ravavaht m\u00e4ngis 60 minutit ja lasi \u00fche v\u00e4rava, mis s\u00fcndis tema eksimusest.<\/p>\n<p>Kontrollkohtumises m\u00e4ngiti kaks 60 minutit kestnud poolaega ja Hein kaitses Werderi v\u00e4ravat neist esimeses. Energie l\u00e4ks m\u00e4ngu juhtima juba kuuendal minutil, kui eestlane \u00fcritas s\u00f6\u00f6duga leida meeskonnakaaslast Dariusz Stalmachi, kuid Saksamaa esiliiga meeskonna kapten Tolcay Cigerci luges olukorda, l\u00f5ikas s\u00f6\u00f6du vahelt ja t\u00f5stis seej\u00e4rel palli \u00fcle Heina v\u00f5rku, kirjutab Werderi koduleht m\u00e4ngu \u00fclevaates.&#13;\n<\/p>\n<p>Werder viigistas m\u00e4nguseisu 31. minutil, kui Jens Stage eelt\u00f6\u00f6 vormistas v\u00e4ravaks Salim Musah. Klubi kodulehe vahendusel haaras Werder seej\u00e4rel kontrolli ja avav\u00e4rava autor Musah andis 45. minutil s\u00f6\u00f6du Samuel Mbangulale, kes viis Bundesliga klubi 2:1 juhtima. Hein sekkus \u00f5nnestunult 49. ja 55. minutil, kui t\u00f5rjus esimeses olukorras Jannis Zaydani \u00fcrituse ja teises edestas pallini j\u00f5udmisel Energie r\u00fcndajat Lucas Copadot.&#13;\n<\/p>\n<p>Werder m\u00e4ngis p\u00e4rast vaheaega t\u00e4iesti uue koosseisuga, mille v\u00e4ravat kaitses deb\u00fc\u00fcdi teinud Alexander Schlager. 30-aastane Austria koondise esikinnas oli t\u00e4helepanu keskpunktis 76. minutil, kui l\u00fckkas n\u00e4ppudega Erik Engelhardti peal\u00f6\u00f6gi postist m\u00f6\u00f6da. Werderi eduseis suurenes 102. minutil, kui skooris 18-aastane Paul Erevbenagie. Werderiga RB Salzburgist liitunud Schlager ei saanud oma deb\u00fc\u00fcdil kirja nullim\u00e4ngu, sest 112. minutil m\u00e4ngis Axel Borgmann ta kaugl\u00f6\u00f6giga \u00fcle. M\u00e4ngu l\u00f5ppskoori vormistas viimasel minutil Chuki, kes realiseeris Werderi kontrar\u00fcnnaku.<\/p>\n<p>Werder j\u00e4tkab kontrollkohtumistega j\u00e4rgmisel laup\u00e4eval, kui Oythes m\u00e4ngitakse liigarivaal Paderborniga kaks korda.\u00a0                         <\/p>\n","protected":false},"excerpt":{"rendered":"&#13; Karl Jakob Heina koduklubi Bremeni Werder alistas hooajaeelses kontrollm\u00e4ngus 4:2 Cottbusi Energie. Eesti koondise v\u00e4ravavaht m\u00e4ngis 60&hellip;\n","protected":false},"author":2,"featured_media":242183,"comment_status":"","ping_status":"","sticky":false,"template":"","format":"standard","meta":{"footnotes":"","_share_on_mastodon":"0"},"categories":[18],"tags":[526,95834,37,33,35,34,36,532,536,95835,159,158,539],"class_list":["post-242182","post","type-post","status-publish","format-standard","has-post-thumbnail","category-sport","tag-bremeni-werder","tag-cottbus-energie","tag-ee","tag-eesti","tag-eesti-keel","tag-estonia","tag-estonian","tag-hein","tag-karl-jakob-hein","tag-kontrollkohtumine","tag-sport","tag-sports","tag-werder"],"share_on_mastodon":{"url":"https:\/\/pubeurope.com\/@ee\/117021864541421111","error":""},"_links":{"self":[{"href":"https:\/\/www.europesays.com\/ee\/wp-json\/wp\/v2\/posts\/242182","targetHints":{"allow":["GET"]}}],"collection":[{"href":"https:\/\/www.europesays.com\/ee\/wp-json\/wp\/v2\/posts"}],"about":[{"href":"https:\/\/www.europesays.com\/ee\/wp-json\/wp\/v2\/types\/post"}],"author":[{"embeddable":true,"href":"https:\/\/www.europesays.com\/ee\/wp-json\/wp\/v2\/users\/2"}],"replies":[{"embeddable":true,"href":"https:\/\/www.europesays.com\/ee\/wp-json\/wp\/v2\/comments?post=242182"}],"version-history":[{"count":0,"href":"https:\/\/www.europesays.com\/ee\/wp-json\/wp\/v2\/posts\/242182\/revisions"}],"wp:featuredmedia":[{"embeddable":true,"href":"https:\/\/www.europesays.com\/ee\/wp-json\/wp\/v2\/media\/242183"}],"wp:attachment":[{"href":"https:\/\/www.europesays.com\/ee\/wp-json\/wp\/v2\/media?parent=242182"}],"wp:term":[{"taxonomy":"category","embeddable":true,"href":"https:\/\/www.europesays.com\/ee\/wp-json\/wp\/v2\/categories?post=242182"},{"taxonomy":"post_tag","embeddable":true,"href":"https:\/\/www.europesays.com\/ee\/wp-json\/wp\/v2\/tags?post=242182"}],"curies":[{"name":"wp","href":"https:\/\/api.w.org\/{rel}","templated":true}]}}