{"id":242434,"date":"2026-08-02T08:55:35","date_gmt":"2026-08-02T08:55:35","guid":{"rendered":"https:\/\/www.europesays.com\/ee\/242434\/"},"modified":"2026-08-02T08:55:35","modified_gmt":"2026-08-02T08:55:35","slug":"ehitussektori-kindlustunne-pusib-pohjas-koondamiste-oht-kasvab-2","status":"publish","type":"post","link":"https:\/\/www.europesays.com\/ee\/242434\/","title":{"rendered":"Ehitussektori kindlustunne p\u00fcsib p\u00f5hjas. Koondamiste oht kasvab"},"content":{"rendered":"<p><img decoding=\"async\" src=\"https:\/\/www.europesays.com\/ee\/wp-content\/uploads\/2026\/08\/cb85034a-c99a-48d5-b458-03f1fbbc45b2.jpg\" loading=\"lazy\" alt=\"Ehitussektori kindlustunne p\u00fcsib madal ning \u00fcha rohkem ettev\u00f5tteid ootab l\u00e4hikuudel t\u00f6\u00f6tajate arvu v\u00e4henemine.\"\/><\/p>\n<p>Ehitussektori kindlustunne p\u00fcsib madal ning \u00fcha rohkem ettev\u00f5tteid ootab l\u00e4hikuudel t\u00f6\u00f6tajate arvu v\u00e4henemine.<\/p>\n<p>FOTO: Stanislav Mo\u0161kov| \u00d5htuleht<\/p>\n<p>Eesti majandus n\u00e4itab taastumise m\u00e4rke, kuid <a rel=\"noopener nofollow\" target=\"_blank\" href=\"https:\/\/www.delfi.ee\/teema\/82786891\/ehitus\" tag-id=\"82786891\">ehitussektor<\/a> ei taha endiselt jalgu alla saada. <a rel=\"noopener nofollow\" target=\"_blank\" href=\"https:\/\/www.delfi.ee\/teema\/56815888\/statistikaamet\" tag-id=\"56815888\">Statistikaameti<\/a> andmetel oli juulis sektori kindlustunde n\u00e4itaja -14,6 ning kasvanud on nende ettev\u00f5tete osakaal, keda ootab l\u00e4hikuudel t\u00f6\u00f6tajate arvu v\u00e4henemine. Ehitusettev\u00f5tjate liidu hinnangul on sektor endiselt ebakindluse ja ettevaatlikkuse faasis, kuid suuremate ehitusfirmade seas on pilt v\u00e4ga erinev.<\/p>\n","protected":false},"excerpt":{"rendered":"Ehitussektori kindlustunne p\u00fcsib madal ning \u00fcha rohkem ettev\u00f5tteid ootab l\u00e4hikuudel t\u00f6\u00f6tajate arvu v\u00e4henemine. FOTO: Stanislav Mo\u0161kov| \u00d5htuleht Eesti&hellip;\n","protected":false},"author":2,"featured_media":242435,"comment_status":"","ping_status":"","sticky":false,"template":"","format":"standard","meta":{"footnotes":"","_share_on_mastodon":"0"},"categories":[14],"tags":[131,130,37,33,35,1644,34,36,2182,2559],"class_list":["post-242434","post","type-post","status-publish","format-standard","has-post-thumbnail","category-ari","tag-ari","tag-business","tag-ee","tag-eesti","tag-eesti-keel","tag-ehitus","tag-estonia","tag-estonian","tag-koondamine","tag-statistikaamet"],"share_on_mastodon":{"url":"https:\/\/pubeurope.com\/@ee\/117025081378461280","error":""},"_links":{"self":[{"href":"https:\/\/www.europesays.com\/ee\/wp-json\/wp\/v2\/posts\/242434","targetHints":{"allow":["GET"]}}],"collection":[{"href":"https:\/\/www.europesays.com\/ee\/wp-json\/wp\/v2\/posts"}],"about":[{"href":"https:\/\/www.europesays.com\/ee\/wp-json\/wp\/v2\/types\/post"}],"author":[{"embeddable":true,"href":"https:\/\/www.europesays.com\/ee\/wp-json\/wp\/v2\/users\/2"}],"replies":[{"embeddable":true,"href":"https:\/\/www.europesays.com\/ee\/wp-json\/wp\/v2\/comments?post=242434"}],"version-history":[{"count":0,"href":"https:\/\/www.europesays.com\/ee\/wp-json\/wp\/v2\/posts\/242434\/revisions"}],"wp:featuredmedia":[{"embeddable":true,"href":"https:\/\/www.europesays.com\/ee\/wp-json\/wp\/v2\/media\/242435"}],"wp:attachment":[{"href":"https:\/\/www.europesays.com\/ee\/wp-json\/wp\/v2\/media?parent=242434"}],"wp:term":[{"taxonomy":"category","embeddable":true,"href":"https:\/\/www.europesays.com\/ee\/wp-json\/wp\/v2\/categories?post=242434"},{"taxonomy":"post_tag","embeddable":true,"href":"https:\/\/www.europesays.com\/ee\/wp-json\/wp\/v2\/tags?post=242434"}],"curies":[{"name":"wp","href":"https:\/\/api.w.org\/{rel}","templated":true}]}}