{"id":242440,"date":"2026-08-02T09:05:09","date_gmt":"2026-08-02T09:05:09","guid":{"rendered":"https:\/\/www.europesays.com\/ee\/242440\/"},"modified":"2026-08-02T09:05:09","modified_gmt":"2026-08-02T09:05:09","slug":"vondrousova-juhtumi-detailid-avaldati-tribunal-ei-pidanud-tennisisti-selgitusi-piisavaks","status":"publish","type":"post","link":"https:\/\/www.europesays.com\/ee\/242440\/","title":{"rendered":"Vondrou\u0161ova juhtumi detailid avaldati: tribunal ei pidanud tennisisti selgitusi piisavaks"},"content":{"rendered":"<p>Juunis nelja-aastase v\u00f5istluskeelu saanud Wimbledoni t\u0161empioni Marketa Vondrou\u0161ova dopingujuhtum sai uue peat\u00fcki, kui kui dopinguk\u00fcsimust lahendanud komisjon avaldas juhtumi \u00fcksikasjaliku otsuse.<\/p>\n<p><a target=\"_blank\" rel=\"noopener noreferrer nofollow\" href=\"https:\/\/www.bbc.com\/sport\/tennis\/articles\/cn0nrgp7nqlo\">BBC Sport<\/a> vahendas, et s\u00f5ltumatu komisjoni raportist selgusid mitmed seni teadmata detailid 2025. aasta detsembris toimunud intsidendi kohta, mille j\u00e4rel m\u00e4\u00e4rati t\u0161ehhitarile tavap\u00e4rane nelja-aastane v\u00f5istluskeeld.<\/p>\n","protected":false},"excerpt":{"rendered":"Juunis nelja-aastase v\u00f5istluskeelu saanud Wimbledoni t\u0161empioni Marketa Vondrou\u0161ova dopingujuhtum sai uue peat\u00fcki, kui kui dopinguk\u00fcsimust lahendanud komisjon avaldas&hellip;\n","protected":false},"author":2,"featured_media":242441,"comment_status":"","ping_status":"","sticky":false,"template":"","format":"standard","meta":{"footnotes":"","_share_on_mastodon":"0"},"categories":[18],"tags":[17126,86279,95900,95899,37,33,35,34,36,59719,73655,95898,7226,95901,86280,86282,159,158,2827,54627,6777],"class_list":["post-242440","post","type-post","status-publish","format-standard","has-post-thumbnail","category-sport","tag-cas","tag-dopingukontroll","tag-dopingureeglid","tag-dopinguvastane-reeglite-rikkumine","tag-ee","tag-eesti","tag-eesti-keel","tag-estonia","tag-estonian","tag-itia","tag-marketa-vondrousova","tag-petra-kvitova","tag-praha","tag-rahvusvaheline-tennis","tag-rahvusvaheline-tennise-aususe-agentuur","tag-spordi-arbitraazikohus","tag-sport","tag-sports","tag-tennis","tag-voistluskeeld","tag-wimbledon"],"share_on_mastodon":{"url":"https:\/\/pubeurope.com\/@ee\/117025120282519990","error":""},"_links":{"self":[{"href":"https:\/\/www.europesays.com\/ee\/wp-json\/wp\/v2\/posts\/242440","targetHints":{"allow":["GET"]}}],"collection":[{"href":"https:\/\/www.europesays.com\/ee\/wp-json\/wp\/v2\/posts"}],"about":[{"href":"https:\/\/www.europesays.com\/ee\/wp-json\/wp\/v2\/types\/post"}],"author":[{"embeddable":true,"href":"https:\/\/www.europesays.com\/ee\/wp-json\/wp\/v2\/users\/2"}],"replies":[{"embeddable":true,"href":"https:\/\/www.europesays.com\/ee\/wp-json\/wp\/v2\/comments?post=242440"}],"version-history":[{"count":0,"href":"https:\/\/www.europesays.com\/ee\/wp-json\/wp\/v2\/posts\/242440\/revisions"}],"wp:featuredmedia":[{"embeddable":true,"href":"https:\/\/www.europesays.com\/ee\/wp-json\/wp\/v2\/media\/242441"}],"wp:attachment":[{"href":"https:\/\/www.europesays.com\/ee\/wp-json\/wp\/v2\/media?parent=242440"}],"wp:term":[{"taxonomy":"category","embeddable":true,"href":"https:\/\/www.europesays.com\/ee\/wp-json\/wp\/v2\/categories?post=242440"},{"taxonomy":"post_tag","embeddable":true,"href":"https:\/\/www.europesays.com\/ee\/wp-json\/wp\/v2\/tags?post=242440"}],"curies":[{"name":"wp","href":"https:\/\/api.w.org\/{rel}","templated":true}]}}