{"id":242446,"date":"2026-08-02T09:16:08","date_gmt":"2026-08-02T09:16:08","guid":{"rendered":"https:\/\/www.europesays.com\/ee\/242446\/"},"modified":"2026-08-02T09:16:08","modified_gmt":"2026-08-02T09:16:08","slug":"uuenduskuuri-labinud-kasekopli-staadion-sai-pohlakult-kingituse-soccernet-ee","status":"publish","type":"post","link":"https:\/\/www.europesays.com\/ee\/242446\/","title":{"rendered":"Uuenduskuuri l\u00e4binud Kasekopli staadion sai Pohlakult kingituse &#8211; Soccernet.ee"},"content":{"rendered":"<p><img decoding=\"async\" src=\"https:\/\/www.europesays.com\/ee\/wp-content\/uploads\/2026\/08\/1785655667.jpg\" alt=\"Aivar Pohlak. Foto: Jana Pipar\"\/>&#13;\n<\/p>\n<p>J\u00e4rva-Jaanis avati kogukonna abiga uuenduskuuri l\u00e4binud Kasekopli muruv\u00e4ljak. Avamist k\u00fclastanud Eesti Jalgpalli Liidu president Aivar Pohlak lubas, et staadionil peetakse maha Eesti noortekoondise m\u00e4ng.\u00a0<\/p>\n<p>Rahva seas P\u00f5rgukatla nime kandvat vutiplatsi laiendati, tasandati, sellele paigaldati drenaa\u017e, automaatne kastmiss\u00fcsteem ja uus murukate. Uuendust\u00f6\u00f6de rahastamiseks m\u00fc\u00fcs FC J\u00e4rva-Jaani v\u00e4ljaku ruutmeetreid. Sama tegi ka n\u00e4iteks Tartu Tammeka Coop staadioni v\u00e4rskendamiseks.\u00a0Kampaaniaga koguti 402 toetajalt 20 880 eurot ning omaniku leidis 1555 ruutmeetrit, kirjutab J\u00e4rva Teataja.\u00a0&#13;\n<\/p>\n<p>Panustajate seas olid muu hulgas Tallinna Flora peatreener Konstantin Vassiljev, Paide Linnameeskonna spordidirektor Gert Kams ja r\u00fcndaja Henri Anier ning endine pallur M\u00e4rten Pajunurm.\u00a0K\u00f5igi kampaanias osalenute nimed j\u00e4\u00e4dvustati klubihoone seinale paigaldatud t\u00e4nutahvlile.\u00a0&#13;\n<\/p>\n<p>Avamist k\u00fclastanud jalgpalliliidu president Pohlak kiitis kohaliku kogukonna pealehakkamist ja v\u00e4ljaku kvaliteeti. \u00dchtlasi lubas ta, et tehtud t\u00f6\u00f6 tunnustamiseks korraldatakse uuenduskuuri l\u00e4binud Kasekopli staadionil esimesel v\u00f5imalus \u00fcks Eesti noortekoondise mat\u0161.\u00a0<\/p>\n<p>FC J\u00e4rva-Jaani pallib III liiga P\u00f5hi-Ida tsoonis. Seni on meeskond pidanud \u00fcheksa kohtumist, millega on kogutud 12 silma. K\u00fcmne meeskonna arvestuses hoitakse seitsmendat kohta.\u00a0&#13;\n<\/p>\n<p>Meeskonnas pallivad n\u00e4iteks Flora v\u00e4ravavahtide treener Aiko Orgla, Flora duubelmeeskonna juhendaja Ats Sillaste ning Paide Linnameeskonna pikaaegne kogukonnajuht Arto Saar. Lisaks on J\u00e4rva-Jaani nimistus \u00fcles antud endised jalgpallurid T\u00f5nis Vanna, Ervin K\u00f5ll ja Timo Lomp.\u00a0&#13;<\/p>\n","protected":false},"excerpt":{"rendered":"&#13; J\u00e4rva-Jaanis avati kogukonna abiga uuenduskuuri l\u00e4binud Kasekopli muruv\u00e4ljak. Avamist k\u00fclastanud Eesti Jalgpalli Liidu president Aivar Pohlak lubas,&hellip;\n","protected":false},"author":2,"featured_media":242447,"comment_status":"","ping_status":"","sticky":false,"template":"","format":"standard","meta":{"footnotes":"","_share_on_mastodon":"0"},"categories":[18],"tags":[430,37,33,35,34,36,13413,8063,95903,435,95904,159,158],"class_list":["post-242446","post","type-post","status-publish","format-standard","has-post-thumbnail","category-sport","tag-aivar-pohlak","tag-ee","tag-eesti","tag-eesti-keel","tag-estonia","tag-estonian","tag-fc-jarva-jaani","tag-jarva-jaani","tag-kasekopli","tag-pohlak","tag-porgukatel","tag-sport","tag-sports"],"share_on_mastodon":{"url":"https:\/\/pubeurope.com\/@ee\/117025163827219606","error":""},"_links":{"self":[{"href":"https:\/\/www.europesays.com\/ee\/wp-json\/wp\/v2\/posts\/242446","targetHints":{"allow":["GET"]}}],"collection":[{"href":"https:\/\/www.europesays.com\/ee\/wp-json\/wp\/v2\/posts"}],"about":[{"href":"https:\/\/www.europesays.com\/ee\/wp-json\/wp\/v2\/types\/post"}],"author":[{"embeddable":true,"href":"https:\/\/www.europesays.com\/ee\/wp-json\/wp\/v2\/users\/2"}],"replies":[{"embeddable":true,"href":"https:\/\/www.europesays.com\/ee\/wp-json\/wp\/v2\/comments?post=242446"}],"version-history":[{"count":0,"href":"https:\/\/www.europesays.com\/ee\/wp-json\/wp\/v2\/posts\/242446\/revisions"}],"wp:featuredmedia":[{"embeddable":true,"href":"https:\/\/www.europesays.com\/ee\/wp-json\/wp\/v2\/media\/242447"}],"wp:attachment":[{"href":"https:\/\/www.europesays.com\/ee\/wp-json\/wp\/v2\/media?parent=242446"}],"wp:term":[{"taxonomy":"category","embeddable":true,"href":"https:\/\/www.europesays.com\/ee\/wp-json\/wp\/v2\/categories?post=242446"},{"taxonomy":"post_tag","embeddable":true,"href":"https:\/\/www.europesays.com\/ee\/wp-json\/wp\/v2\/tags?post=242446"}],"curies":[{"name":"wp","href":"https:\/\/api.w.org\/{rel}","templated":true}]}}