{"id":242490,"date":"2026-08-02T10:45:10","date_gmt":"2026-08-02T10:45:10","guid":{"rendered":"https:\/\/www.europesays.com\/ee\/242490\/"},"modified":"2026-08-02T10:45:10","modified_gmt":"2026-08-02T10:45:10","slug":"seenioridest-sprindipaar-ulo-ja-erge-on-hoos-medalid-ei-mahu-varsti-enam-koju-aragi","status":"publish","type":"post","link":"https:\/\/www.europesays.com\/ee\/242490\/","title":{"rendered":"Seenioridest sprindipaar \u00dclo ja Erge on hoos: medalid ei mahu varsti enam koju \u00e4ragi"},"content":{"rendered":"<p>M65 klassis v\u00f5istlev \u00dclo j\u00f5udis sprindini alles k\u00fcmmekond aastat tagasi. Enne seda m\u00e4ngis ta lauatennist. Muidugi said \u00dclo ja N55 klassis v\u00f5istlev Erge kokku just t\u00e4nu spordile. \u201eVaata, siin on kaks esimest medalit aastast 2017 sellelt \u00fcrituselt, kus Ergega esimest korda kohtusime. Need olid Madsa m\u00e4ngud, spordiveteranide traditsiooniline \u00fcritus Otep\u00e4\u00e4l. Ma korraldasin seal lauatennisev\u00f5istlust ja Erge k\u00fcsis reketit, et tema tahab naiste arvestuse \u00e4ra v\u00f5ita. No ma andsingi, aga ta sai nelja naise hulgas neljanda koha. P\u00e4rast olin muidugi mina s\u00fc\u00fcdi, et halva reketi andsin. Igatahes olime kuu aega hiljem juba \u00d5lletares koos tantsimas ja sealt meie lugu algaski,\u201c meenutab \u00dclo. <\/p>\n","protected":false},"excerpt":{"rendered":"M65 klassis v\u00f5istlev \u00dclo j\u00f5udis sprindini alles k\u00fcmmekond aastat tagasi. Enne seda m\u00e4ngis ta lauatennist. Muidugi said \u00dclo&hellip;\n","protected":false},"author":2,"featured_media":242491,"comment_status":"","ping_status":"","sticky":false,"template":"","format":"standard","meta":{"footnotes":"","_share_on_mastodon":"0"},"categories":[16],"tags":[37,33,35,173,34,36,3206,140],"class_list":["post-242490","post","type-post","status-publish","format-standard","has-post-thumbnail","category-meelelahutus","tag-ee","tag-eesti","tag-eesti-keel","tag-entertainment","tag-estonia","tag-estonian","tag-maraton","tag-meelelahutus"],"share_on_mastodon":{"url":"https:\/\/pubeurope.com\/@ee\/117025513475918174","error":""},"_links":{"self":[{"href":"https:\/\/www.europesays.com\/ee\/wp-json\/wp\/v2\/posts\/242490","targetHints":{"allow":["GET"]}}],"collection":[{"href":"https:\/\/www.europesays.com\/ee\/wp-json\/wp\/v2\/posts"}],"about":[{"href":"https:\/\/www.europesays.com\/ee\/wp-json\/wp\/v2\/types\/post"}],"author":[{"embeddable":true,"href":"https:\/\/www.europesays.com\/ee\/wp-json\/wp\/v2\/users\/2"}],"replies":[{"embeddable":true,"href":"https:\/\/www.europesays.com\/ee\/wp-json\/wp\/v2\/comments?post=242490"}],"version-history":[{"count":0,"href":"https:\/\/www.europesays.com\/ee\/wp-json\/wp\/v2\/posts\/242490\/revisions"}],"wp:featuredmedia":[{"embeddable":true,"href":"https:\/\/www.europesays.com\/ee\/wp-json\/wp\/v2\/media\/242491"}],"wp:attachment":[{"href":"https:\/\/www.europesays.com\/ee\/wp-json\/wp\/v2\/media?parent=242490"}],"wp:term":[{"taxonomy":"category","embeddable":true,"href":"https:\/\/www.europesays.com\/ee\/wp-json\/wp\/v2\/categories?post=242490"},{"taxonomy":"post_tag","embeddable":true,"href":"https:\/\/www.europesays.com\/ee\/wp-json\/wp\/v2\/tags?post=242490"}],"curies":[{"name":"wp","href":"https:\/\/api.w.org\/{rel}","templated":true}]}}