{"id":242638,"date":"2026-08-02T15:11:12","date_gmt":"2026-08-02T15:11:12","guid":{"rendered":"https:\/\/www.europesays.com\/ee\/242638\/"},"modified":"2026-08-02T15:11:12","modified_gmt":"2026-08-02T15:11:12","slug":"rakke-rattamaraton-toi-vaidemile-viienda-voidu-ja-ermane-marcenkole-kauaoodatud-triumfi","status":"publish","type":"post","link":"https:\/\/www.europesays.com\/ee\/242638\/","title":{"rendered":"Rakke rattamaraton t\u00f5i Vaidemile viienda v\u00f5idu ja Ermane-Marcenkole kauaoodatud triumfi"},"content":{"rendered":"<p class=\"isSelectedEnd\">Bosch Eesti Maastikurattasarja viies etapp t\u00f5i ratturid L\u00e4\u00e4ne-Virumaale Rakkesse, kus \u0160koda Laagri Rakke rattamaratonil selgitati p\u00e4eva kiireimad. Pandivere k\u00f5rgustiku vaheldusrikastel radadel said s\u00f5idur\u00f5\u00f5mu nautida \u00fcle 700 maastikuratturi, lisaks p\u00f5his\u00f5idule ja poolmaratonile toimusid ka ajav\u00f5tuta lastes\u00f5idud.<\/p>\n<p class=\"isSelectedEnd\">48-kilomeetrisel p\u00f5hidistantsil kujunes meeste v\u00f5istlus p\u00f5nevaks heitluseks, kus alguses moodustunud kuueliikmeline juhtgrupp hakkas Emum\u00e4e kandis lagunema. Otsustava k\u00e4igu tegi enne vahefini\u0161it Josten Vaidem (Fixus), kes suutis konkurentidest eralduda. Talle j\u00f5udis j\u00e4rele vaid sarja liider Markus Pajur (Hawaii Express), kellega koos j\u00e4tkati l\u00f5pu poole.<\/p>\n<p class=\"isSelectedEnd\">Kahe mehe koost\u00f6\u00f6 kestis kuni viimaste t\u00f5usudeni, kus Vaidem pani oma paremuse maksma ja s\u00f5itis hooaja viiendas Bosch Eesti Maastikurattasarja etapis v\u00e4lja juba viienda v\u00f5idu. Fini\u0161ijoone \u00fcletas ta ajaga 1:49:47. Pajur kaotas v\u00f5itjale 20 sekundit ning kolmanda koha saavutas Kirill Tarassov (Murla Team), kelle l\u00f5puajaks m\u00e4rgiti 1:51:20.<\/p>\n<p class=\"isSelectedEnd\">\u00abEks ma Markust kartsin, aga s\u00f5idu kulg t\u00e4na soosis mind. Teadsin, et ma ei tohi \u00fcksi p\u00e4rast Emum\u00e4ge eest \u00e4ra s\u00f5ita, sest taga on sellised vedurid, kes mulle j\u00e4rgi t\u00f5mbavad. \u00d5nneks Markus tuli \u00fcksi tagant ja tekkis ideaalne seis nii minu kui meie jaoks,\u00bb r\u00e4\u00e4kis Vaidem p\u00e4rast v\u00f5istlust.<\/p>\n<p class=\"isSelectedEnd\">Naiste konkurentsis tuli sarja liidri Greete Steinburgi puudumisel etapiv\u00f5itlus eriti tasav\u00e4gine. Esimese Bosch Eesti Maastikurattasarja v\u00f5idu nimel heitlesid l\u00e4tlanna Evelina Ermane-Marcenko, Janelle Uibokand ja soomlanna Karoliina Leinos.<\/p>\n<p class=\"isSelectedEnd\">S\u00f5idu alguses p\u00e4\u00e4ses Ermane-Marcenko konkurentidest ette, kuid pikematel kruusal\u00f5ikudel j\u00f5udis trio taas kokku. Tehnilisematel radadel n\u00e4itas l\u00e4tlanna oma tugevust ning suutis l\u00f5puks edestada Uibokandi 42 sekundiga. V\u00f5iduajaks m\u00e4rgiti 2:08:46. Kolmanda koha saavutanud Leinos l\u00f5petas ajaga 2:14:02.<\/p>\n<p class=\"isSelectedEnd\">\u00abS\u00f5it ei olnud t\u00e4na lihtne, v\u00f5itlesime Janellega tervelt pool s\u00f5itu. Olin t\u00e4na temast singlitel parem ning surusin seal eriti tugevalt, et vahet sisse saada. Mingil hetkel sain eess\u00f5itvatele meestele j\u00e4rele ning suutsin Janellega sisse s\u00f5idetud vahe l\u00f5puni s\u00e4ilitada,\u00bb kirjeldas Ermane-Marcenko oma v\u00f5idus\u00f5itu.<\/p>\n<p class=\"isSelectedEnd\">17-kilomeetrisel poolmaratonil olid kiireimad noored Karel Laansoo ja Isabel Kiis. Lisaks v\u00f5istlusdistantsidele said rattap\u00e4eva nautida ka k\u00f5ige nooremad osalejad, sest erinevatel lastes\u00f5itudel l\u00f5i kaasa 131 mudilast.<\/p>\n<p>Tiimide arvestuses olid Rakke etapil edukaimad Murla Team Ladies naiste ning Murla Team meeste arvestuses.<\/p>\n","protected":false},"excerpt":{"rendered":"Bosch Eesti Maastikurattasarja viies etapp t\u00f5i ratturid L\u00e4\u00e4ne-Virumaale Rakkesse, kus \u0160koda Laagri Rakke rattamaratonil selgitati p\u00e4eva kiireimad. Pandivere&hellip;\n","protected":false},"author":2,"featured_media":242639,"comment_status":"","ping_status":"","sticky":false,"template":"","format":"standard","meta":{"footnotes":"","_share_on_mastodon":"0"},"categories":[18],"tags":[95991,37,33,35,34,36,95967,1043,23240,95992,159,158],"class_list":["post-242638","post","type-post","status-publish","format-standard","has-post-thumbnail","category-sport","tag-bosch-eesti-maastikurattasari","tag-ee","tag-eesti","tag-eesti-keel","tag-estonia","tag-estonian","tag-evelina-ermane-marcenko","tag-josten-vaidem","tag-rakke","tag-skoda-laagri-rakke-rattamaraton","tag-sport","tag-sports"],"share_on_mastodon":{"url":"https:\/\/pubeurope.com\/@ee\/117026559369150944","error":""},"_links":{"self":[{"href":"https:\/\/www.europesays.com\/ee\/wp-json\/wp\/v2\/posts\/242638","targetHints":{"allow":["GET"]}}],"collection":[{"href":"https:\/\/www.europesays.com\/ee\/wp-json\/wp\/v2\/posts"}],"about":[{"href":"https:\/\/www.europesays.com\/ee\/wp-json\/wp\/v2\/types\/post"}],"author":[{"embeddable":true,"href":"https:\/\/www.europesays.com\/ee\/wp-json\/wp\/v2\/users\/2"}],"replies":[{"embeddable":true,"href":"https:\/\/www.europesays.com\/ee\/wp-json\/wp\/v2\/comments?post=242638"}],"version-history":[{"count":0,"href":"https:\/\/www.europesays.com\/ee\/wp-json\/wp\/v2\/posts\/242638\/revisions"}],"wp:featuredmedia":[{"embeddable":true,"href":"https:\/\/www.europesays.com\/ee\/wp-json\/wp\/v2\/media\/242639"}],"wp:attachment":[{"href":"https:\/\/www.europesays.com\/ee\/wp-json\/wp\/v2\/media?parent=242638"}],"wp:term":[{"taxonomy":"category","embeddable":true,"href":"https:\/\/www.europesays.com\/ee\/wp-json\/wp\/v2\/categories?post=242638"},{"taxonomy":"post_tag","embeddable":true,"href":"https:\/\/www.europesays.com\/ee\/wp-json\/wp\/v2\/tags?post=242638"}],"curies":[{"name":"wp","href":"https:\/\/api.w.org\/{rel}","templated":true}]}}