{"id":242654,"date":"2026-08-02T15:35:11","date_gmt":"2026-08-02T15:35:11","guid":{"rendered":"https:\/\/www.europesays.com\/ee\/242654\/"},"modified":"2026-08-02T15:35:11","modified_gmt":"2026-08-02T15:35:11","slug":"juri-kotsinev-%e2%9f%a9-putini-reziimi-krahh-voib-lahedal-olla","status":"publish","type":"post","link":"https:\/\/www.europesays.com\/ee\/242654\/","title":{"rendered":"J\u00dcRI KOT\u0160INEV \u27e9 Putini re\u017eiimi krahh v\u00f5ib l\u00e4hedal olla"},"content":{"rendered":"<p>Kiievile on esmat\u00e4htis mitte kaotada oma s\u00f5pru, partnereid ja liitlasi. Esimene mobilisatsioon, mille Venemaa viis l\u00e4bi p\u00e4rast Ukraina s\u00f5ja algust, oli osaline mobilisatsioon. Uus mobilisatsioon v\u00f5ib toimuda samas mastaabis. Tehniliselt ei ole selle l\u00e4biviimiseks Venemaal mingeid takistusi. Kreml ei soovi aga mobilisatsiooni l\u00e4bi viia, kartes sisepoliitilist turbulentsi. Kreml tahab, et tema vallutatud Krimmi, Donetski ja Luhanski alad ning h\u00f5ivatud territooriumid Hersonis ja Zapori\u017e\u017ejas saaksid maailma juhtivate riikide poolt tunnustatud legitiimsete Venemaa aladena. Ukrainale on see vastuv\u00f5etamatu n\u00f5udmine.<\/p>\n","protected":false},"excerpt":{"rendered":"Kiievile on esmat\u00e4htis mitte kaotada oma s\u00f5pru, partnereid ja liitlasi. Esimene mobilisatsioon, mille Venemaa viis l\u00e4bi p\u00e4rast Ukraina&hellip;\n","protected":false},"author":2,"featured_media":242655,"comment_status":"","ping_status":"","sticky":false,"template":"","format":"standard","meta":{"footnotes":"","_share_on_mastodon":"0"},"categories":[80],"tags":[587,26,27,4556,37,33,35,34,36,112,31,32,21,4481,326,1856,28,29,11631,95,19,25,3738,23,24,463,262,22,20,2170,96,30,92,93,94,1839],"class_list":["post-242654","post","type-post","status-publish","format-standard","has-post-thumbnail","category-maailm","tag-ameerika-uhendriigid","tag-breaking-news","tag-breakingnews","tag-donetsk","tag-ee","tag-eesti","tag-eesti-keel","tag-estonia","tag-estonian","tag-euroopa","tag-featured-news","tag-featurednews","tag-headlines","tag-herson","tag-hiina","tag-krimm","tag-latest-news","tag-latestnews","tag-luhansk","tag-maailm","tag-news","tag-populaarseimad-lood","tag-putin","tag-top-stories","tag-topstories","tag-trump","tag-ukraina","tag-uldised-uudised","tag-uudised","tag-valgevene","tag-venemaa","tag-viimased-uudised","tag-world","tag-world-news","tag-worldnews","tag-zaporizzja"],"share_on_mastodon":{"url":"https:\/\/pubeurope.com\/@ee\/117026653669366883","error":""},"_links":{"self":[{"href":"https:\/\/www.europesays.com\/ee\/wp-json\/wp\/v2\/posts\/242654","targetHints":{"allow":["GET"]}}],"collection":[{"href":"https:\/\/www.europesays.com\/ee\/wp-json\/wp\/v2\/posts"}],"about":[{"href":"https:\/\/www.europesays.com\/ee\/wp-json\/wp\/v2\/types\/post"}],"author":[{"embeddable":true,"href":"https:\/\/www.europesays.com\/ee\/wp-json\/wp\/v2\/users\/2"}],"replies":[{"embeddable":true,"href":"https:\/\/www.europesays.com\/ee\/wp-json\/wp\/v2\/comments?post=242654"}],"version-history":[{"count":0,"href":"https:\/\/www.europesays.com\/ee\/wp-json\/wp\/v2\/posts\/242654\/revisions"}],"wp:featuredmedia":[{"embeddable":true,"href":"https:\/\/www.europesays.com\/ee\/wp-json\/wp\/v2\/media\/242655"}],"wp:attachment":[{"href":"https:\/\/www.europesays.com\/ee\/wp-json\/wp\/v2\/media?parent=242654"}],"wp:term":[{"taxonomy":"category","embeddable":true,"href":"https:\/\/www.europesays.com\/ee\/wp-json\/wp\/v2\/categories?post=242654"},{"taxonomy":"post_tag","embeddable":true,"href":"https:\/\/www.europesays.com\/ee\/wp-json\/wp\/v2\/tags?post=242654"}],"curies":[{"name":"wp","href":"https:\/\/api.w.org\/{rel}","templated":true}]}}