{"id":242756,"date":"2026-08-02T18:31:28","date_gmt":"2026-08-02T18:31:28","guid":{"rendered":"https:\/\/www.europesays.com\/ee\/242756\/"},"modified":"2026-08-02T18:31:28","modified_gmt":"2026-08-02T18:31:28","slug":"doonau-joe-madal-veetase-toi-paevavalgele-tuhandeid-aastaid-vana-mammuti-skeleti","status":"publish","type":"post","link":"https:\/\/www.europesays.com\/ee\/242756\/","title":{"rendered":"Doonau j\u00f5e madal veetase t\u00f5i p\u00e4evavalgele tuhandeid aastaid vana mammuti skeleti"},"content":{"rendered":"<p>Euroopa erakordselt kuum ja p\u00f5uane suvi on viinud mitme j\u00f5e veetaseme rekordiliselt madalale, tuues p\u00e4evavalgele ammu vee alla j\u00e4\u00e4nud j\u00e4\u00e4nuseid ja esemeid \u2013 alates muistse mammuti luudest kuni sajandivanuste laevavrakkideni.<\/p>\n<p>Kolmap\u00e4eval avastati P\u00f5hja-Bulgaarias Doonau j\u00f5e paljastunud p\u00f5hjast j\u00e4\u00e4nused, mis arvatavasti kuuluvad muistsele mammutile. Leid tuli ilmsiks p\u00e4rast seda, kui j\u00f5e veetase langes rekordmadalale.<\/p>\n","protected":false},"excerpt":{"rendered":"Euroopa erakordselt kuum ja p\u00f5uane suvi on viinud mitme j\u00f5e veetaseme rekordiliselt madalale, tuues p\u00e4evavalgele ammu vee alla&hellip;\n","protected":false},"author":2,"featured_media":242757,"comment_status":"","ping_status":"","sticky":false,"template":"","format":"standard","meta":{"footnotes":"","_share_on_mastodon":"0"},"categories":[80],"tags":[26,27,37,33,35,34,36,31,32,21,2856,2853,2855,549,28,29,1978,1089,285,2854,2858,95,2835,19,25,23,24,2857,22,20,570,30,92,93,94],"class_list":["post-242756","post","type-post","status-publish","format-standard","has-post-thumbnail","category-maailm","tag-breaking-news","tag-breakingnews","tag-ee","tag-eesti","tag-eesti-keel","tag-estonia","tag-estonian","tag-featured-news","tag-featurednews","tag-headlines","tag-hooldamine","tag-kass","tag-koduloom","tag-koer","tag-latest-news","tag-latestnews","tag-lemmik","tag-lind","tag-loodus","tag-loom","tag-loomaaed","tag-maailm","tag-metsloom","tag-news","tag-populaarseimad-lood","tag-top-stories","tag-topstories","tag-toug","tag-uldised-uudised","tag-uudised","tag-vaktsineerimine","tag-viimased-uudised","tag-world","tag-world-news","tag-worldnews"],"share_on_mastodon":{"url":"","error":""},"_links":{"self":[{"href":"https:\/\/www.europesays.com\/ee\/wp-json\/wp\/v2\/posts\/242756","targetHints":{"allow":["GET"]}}],"collection":[{"href":"https:\/\/www.europesays.com\/ee\/wp-json\/wp\/v2\/posts"}],"about":[{"href":"https:\/\/www.europesays.com\/ee\/wp-json\/wp\/v2\/types\/post"}],"author":[{"embeddable":true,"href":"https:\/\/www.europesays.com\/ee\/wp-json\/wp\/v2\/users\/2"}],"replies":[{"embeddable":true,"href":"https:\/\/www.europesays.com\/ee\/wp-json\/wp\/v2\/comments?post=242756"}],"version-history":[{"count":0,"href":"https:\/\/www.europesays.com\/ee\/wp-json\/wp\/v2\/posts\/242756\/revisions"}],"wp:featuredmedia":[{"embeddable":true,"href":"https:\/\/www.europesays.com\/ee\/wp-json\/wp\/v2\/media\/242757"}],"wp:attachment":[{"href":"https:\/\/www.europesays.com\/ee\/wp-json\/wp\/v2\/media?parent=242756"}],"wp:term":[{"taxonomy":"category","embeddable":true,"href":"https:\/\/www.europesays.com\/ee\/wp-json\/wp\/v2\/categories?post=242756"},{"taxonomy":"post_tag","embeddable":true,"href":"https:\/\/www.europesays.com\/ee\/wp-json\/wp\/v2\/tags?post=242756"}],"curies":[{"name":"wp","href":"https:\/\/api.w.org\/{rel}","templated":true}]}}