{"id":242933,"date":"2026-08-03T04:47:12","date_gmt":"2026-08-03T04:47:12","guid":{"rendered":"https:\/\/www.europesays.com\/ee\/242933\/"},"modified":"2026-08-03T04:47:12","modified_gmt":"2026-08-03T04:47:12","slug":"viimsis-mangiv-hispaanlanna-esimene-lumi-pani-mind-nutma-aga-nuud-olen-siin-vaga-onnelik-soccernet-ee","status":"publish","type":"post","link":"https:\/\/www.europesays.com\/ee\/242933\/","title":{"rendered":"Viimsis m\u00e4ngiv hispaanlanna: esimene lumi pani mind nutma, aga n\u00fc\u00fcd olen siin v\u00e4ga \u00f5nnelik &#8211; Soccernet.ee"},"content":{"rendered":"<p><img decoding=\"async\" src=\"https:\/\/www.europesays.com\/ee\/wp-content\/uploads\/2026\/08\/1785616415.jpg\" alt=\"Aila. Foto: Siim J\u00e4nes \/ jalgpall.ee\"\/>&#13;\n<\/p>\n<p>Viimsi JK naiskonnas m\u00e4ngiv Hispaania poolkaitsja Angela Fuster Sendra ehk Aila (31) tunnistab, et esimest korda lumesadu kogedes l\u00e4ks ta riietusruumi nutma, kuid praeguseks tunneb ta end Eestis v\u00e4ga \u00f5nnelikuna.<\/p>\n<p>Lisaks meeste jalgpallile on Hispaania ka naiste jalgpallis valitsev maailmameister. Miks v\u00f5ttis \u00fcks hispaanlanna 2024. aasta augusti l\u00f5pus vastu otsuse tulla vutti m\u00e4ngima suhteliselt k\u00fclma Eestisse? Aila\u00a0meenutab, et tal oli p\u00e4rast p\u00f5lve eesmise ristatisideme rebendit ning nurjunud \u00fcleminekut Hiinasse k\u00e4sil \u00fcsna keeruline periood ning ta ei lootnud enne talvist \u00fcleminekuakent uut koduklubi leida, kui tuli k\u00f5ne Viimsilt.&#13;\n<\/p>\n<p>&#8220;R\u00e4\u00e4kisin videok\u00f5nes [Viimsi klubijuhi ja treeneri] Martin Reimiga. Ma ei tea, miks, aga see vestlus tekitas minus hea tunde &#8211; sellise tunde, et Viimsi v\u00f5iks olla minu koht. Seep\u00e4rast v\u00f5tsin pakkumise vastu ja tulin Eestisse,&#8221; s\u00f5nab Aila Soccernet.ee-le.&#13;\n<\/p>\n<p>Naasmine oli raske otsus&#13;\n<\/p>\n<p>K\u00fcsimuse peale, millised olid tema esimesed muljed Eestist ja siinsest naiste jalgpallist, r\u00e4\u00e4gib poolkaitsja: &#8220;Mulle v\u00e4ga ei meeldi riike omavahel v\u00f5rrelda, iga riik on erinev. Leian, et igalpool tuleb lihtsalt kohaneda ja anda endast sada protsenti. On t\u00f5si, et m\u00e4ngu intensiivsuses oli v\u00e4ike vahe sees. Aga tundsin, et Viimsi p\u00f5hiprobleemiks oli m\u00e4ngijate v\u00e4hene eneseusk. Niipea, kui hakati endasse uskuma, mindi \u00fcha paremaks nii individuaalselt kui ka v\u00f5istkondlikult ja klubina tervikuna.&#8221;<\/p>\n<p>Aila viibis Eestis 2024. aasta septembrist detsembrini. Ja ta tuli tagasi, nii j\u00e4rgmiseks (2025) kui ka \u00fclej\u00e4rgmiseks (2026) hooajaks.&#13;\n<\/p>\n<p>&#8220;Tagasitulek oli v\u00e4ga raske otsus, sest mul oli kodus ka paar muud varianti ja siin on v\u00e4ga k\u00fclm! Esimesel korral treeningul lund kogedes k\u00fcsisin [treener] Martin Kaalmalt luba sisse minna, l\u00e4ksin riietusruumi ja nutsin omaette viis minutit. Nutsin s\u00f5na otseses m\u00f5ttes! (naerab) Ja siis tulin tagasi v\u00e4lja. Hispaaniast tulles olid need tingimused v\u00e4ga rasked,&#8221; nendib Aila.&#13;\n<\/p>\n<p>&#8220;Aga k\u00f5ik inimesed olid siin v\u00e4ga k\u00fclalislahked, kuigi alguses kipuvad eestlased natuke hoidma omaette, mis on normaalne. Kuid kui sa \u00f5pid neid tundma ja v\u00f5tad aega, et suhelda, siis edasise osas ei ole mul \u00f6elda mitte \u00fchtegi halba s\u00f5na &#8211; ei \u00fchegi Viimsi JK inimese ega \u00fcle\u00fcldse kellegi kohta, keda olen Eestis kohanud. Seep\u00e4rast otsustasin naasta. Ma t\u00f5esti tundsin, et siin on nagu teine perekond kodust eemal.&#8221;&#13;\n<\/p>\n<p><img decoding=\"async\" src=\"https:\/\/www.europesays.com\/ee\/wp-content\/uploads\/2026\/08\/1785647541.jpg\" alt=\"Foto: Oliver Berezjuk\"\/>&#13;\n<\/p>\n<p>Meistritiitlist ei m\u00f5tle&#13;\n<\/p>\n<p>Artikli peategelane meenutab, et k\u00fcmmekond aastat tagasi polnud isegi Hispaania naiste jalgpall oma arengus veel kaugeltki sealmaal, kus praegu &#8211; Aila pingutas, et tegeleda Valencias samaaegselt \u00fclikooli\u00f5pingute ja n\u00f5udlike treeningutega. Karj\u00e4\u00e4ri jooksul erinevates Hispaania klubides (n\u00e4iteks Levante ja Cordoba) pallinud ning ka USA-s \u00fclikoolis \u00f5ppinud ja vutti m\u00e4nginud Aila soovib n\u00fc\u00fcd panustada Eesti naiste jalgpalli arengusse.<\/p>\n<p>&#8220;Koos tiimikaaslastega m\u00e4ngides ja samuti Viimsis v\u00e4ikeseid t\u00fcdrukuid treenides tunnen, et minu eesm\u00e4rk on siinse naiste jalgpalli arengule kaasa aidata. Kuigi tegemist on k\u00f5rgliigaga, ei ole see professionaalne, erinevalt Levantest, kus varem m\u00e4ngisin. See v\u00f5tab aega, aga kui alaliit ja klubid ning k\u00f5ik siinses jalgpalliskeenes aitavad, siis naiste jalgpall vaikselt areneb,&#8221; r\u00e4\u00e4gib Aila.&#13;\n<\/p>\n<p>K\u00f5vasti on arenenud Viimsi naiskond, kes m\u00e4ngib Meistriliigas alles neljandat hooaega. Kahel esimesel hooajal (2023, 2024) j\u00e4\u00e4di kuuendaks, mullu v\u00f5ideti juba pronksmedalid. T\u00e4navu, kui oleme augusti alguses, hoiab Viimsi tabelis liidrikohta!&#13;\n<\/p>\n<p>Mis lisaks juba mainitud eneseusu kasvule on veel Viimsi edu saladuseks? &#8220;Seal pole muud saladust kui lihtsalt k\u00f5va t\u00f6\u00f6!&#8221; teatab hispaanlanna. &#8220;See ei juhtunud \u00fcle\u00f6\u00f6. Oleme teinud viimastel aastatel v\u00e4ga head t\u00f6\u00f6d, samuti on Viimsi arengus olulised need m\u00e4ngijad, kes m\u00e4ngisid siin varem. Treeneritetiim, m\u00e4ngijad ja k\u00f5ik klubi inimesed &#8211; me oleme \u00fchiselt samas paadis.&#8221;&#13;\n<\/p>\n<p>Sellele, millised on Viimsi v\u00f5imalused hooaja l\u00f5puks meistritiitel v\u00f5ita, Aila enda kinnitusel ei m\u00f5tle: &#8220;Praegu p\u00e4rast m\u00e4ngu Floraga ei m\u00f5tle me veel isegi j\u00e4rgmisele m\u00e4ngule kodus Paidega. V\u00f5tame p\u00e4ev-p\u00e4evalt. K\u00f5ige t\u00e4htsam on praegu esmasp\u00e4evane treening, siis tuleb teisip\u00e4evane, siis neljap\u00e4evane ja reedene treening. Ja alles siis tuleb Paide.&#8221;<\/p>\n<p>P\u00fc\u00fcab m\u00e4ngu rahustada&#13;\n<\/p>\n<p>Aila on pidanud Eesti k\u00f5rgliigas praeguseks 46 m\u00e4ngu &#8211; neist 45 p\u00f5hikoosseisus &#8211; ja l\u00f6\u00f6nud 7 v\u00e4ravat. Hetkel on ta 11 liigamat\u0161is j\u00e4rjest viibinud platsil k\u00f5ik 90 minutit.&#13;\n<\/p>\n<p><img decoding=\"async\" src=\"https:\/\/www.europesays.com\/ee\/wp-content\/uploads\/2026\/08\/1785616412.jpg\" alt=\"Foto: Liisi Troska \/ jalgpall.ee\"\/>&#13;\n<\/p>\n<p>Oma suurimaks tugevuseks m\u00e4ngijana peab ta iseloomu: &#8220;Annan endast igas olukorras sada protsenti. Leian, et t\u00e4htis pole see, kas sa teed eksimuse, vaid see, kuidas eksimusele reageerid. Eestis olen arendanud ka palliga rahulikumat tegutsemist. Kui meie m\u00e4ngus esineb rabistamist, siis p\u00fc\u00fcan mina vajadusel natuke rahustada ja v\u00f5tta hea esimese puute abil tempo maha.&#8221;<\/p>\n<p>Praegu on Aila enda s\u00f5nul Eestis igati rahul. &#8220;Ainuke probleem on see, et viibin kaugel oma perekonnast, s\u00f5pradest ja kodust,&#8221; lisab ta. &#8220;Aga t\u00e4htis on olla \u00f5nnelik ka seal, kus parajasti t\u00f6\u00f6tad. Tahan nautida jalgpalli nii kaua kui veel v\u00f5imalik, kuni mu jalad sellega toime tulevad.&#8221;&#13;\n<\/p>\n<p>Tuleviku kohta \u00fctleb keskv\u00e4ljanaine: &#8220;Hetkel kehtib mu leping Viimsiga hooaja l\u00f5puni. P\u00e4rast seda vaatame edasi. Aga nagu ma \u00fctlesin, siis olen siin v\u00e4ga \u00f5nnelik!&#8221;<\/p>\n","protected":false},"excerpt":{"rendered":"&#13; Viimsi JK naiskonnas m\u00e4ngiv Hispaania poolkaitsja Angela Fuster Sendra ehk Aila (31) tunnistab, et esimest korda lumesadu&hellip;\n","protected":false},"author":2,"featured_media":242934,"comment_status":"","ping_status":"","sticky":false,"template":"","format":"standard","meta":{"footnotes":"","_share_on_mastodon":"0"},"categories":[18],"tags":[96089,96090,96091,96092,96093,37,33,35,34,36,96094,96095,89080,6101,1463,6103,159,158,2474,12757],"class_list":["post-242933","post","type-post","status-publish","format-standard","has-post-thumbnail","category-sport","tag-aila","tag-aila-fuster","tag-aila-fuster-sendra","tag-angela-fuster","tag-angela-fuster-sendra","tag-ee","tag-eesti","tag-eesti-keel","tag-estonia","tag-estonian","tag-fuster-sendra","tag-kaalma","tag-martin-kaalma","tag-martin-reim","tag-naiste-meistriliiga","tag-reim","tag-sport","tag-sports","tag-viimsi-jk","tag-viimsi-naiskond"],"share_on_mastodon":{"url":"https:\/\/pubeurope.com\/@ee\/117029768474381742","error":""},"_links":{"self":[{"href":"https:\/\/www.europesays.com\/ee\/wp-json\/wp\/v2\/posts\/242933","targetHints":{"allow":["GET"]}}],"collection":[{"href":"https:\/\/www.europesays.com\/ee\/wp-json\/wp\/v2\/posts"}],"about":[{"href":"https:\/\/www.europesays.com\/ee\/wp-json\/wp\/v2\/types\/post"}],"author":[{"embeddable":true,"href":"https:\/\/www.europesays.com\/ee\/wp-json\/wp\/v2\/users\/2"}],"replies":[{"embeddable":true,"href":"https:\/\/www.europesays.com\/ee\/wp-json\/wp\/v2\/comments?post=242933"}],"version-history":[{"count":0,"href":"https:\/\/www.europesays.com\/ee\/wp-json\/wp\/v2\/posts\/242933\/revisions"}],"wp:featuredmedia":[{"embeddable":true,"href":"https:\/\/www.europesays.com\/ee\/wp-json\/wp\/v2\/media\/242934"}],"wp:attachment":[{"href":"https:\/\/www.europesays.com\/ee\/wp-json\/wp\/v2\/media?parent=242933"}],"wp:term":[{"taxonomy":"category","embeddable":true,"href":"https:\/\/www.europesays.com\/ee\/wp-json\/wp\/v2\/categories?post=242933"},{"taxonomy":"post_tag","embeddable":true,"href":"https:\/\/www.europesays.com\/ee\/wp-json\/wp\/v2\/tags?post=242933"}],"curies":[{"name":"wp","href":"https:\/\/api.w.org\/{rel}","templated":true}]}}