{"id":243007,"date":"2026-08-03T06:48:08","date_gmt":"2026-08-03T06:48:08","guid":{"rendered":"https:\/\/www.europesays.com\/ee\/243007\/"},"modified":"2026-08-03T06:48:08","modified_gmt":"2026-08-03T06:48:08","slug":"video-kui-vastik-ta-on-rahvast-pahandas-bruce-springsteeni-kaitumine-laval","status":"publish","type":"post","link":"https:\/\/www.europesays.com\/ee\/243007\/","title":{"rendered":"VIDEO | \u201eKui vastik ta on!\u201c Rahvast pahandas Bruce Springsteeni k\u00e4itumine laval"},"content":{"rendered":"<p>Ameerika \u00dchendriikide roki \u00fcks s\u00e4ravaimaid t\u00e4hti Bruce Springsteen j\u00e4i hiljuti kaamerate ette oma kontserdil toimuvaga. Seekord ei k\u00f6itnud f\u00e4nnide t\u00e4helepanu mitte tema muusika vaid hoopis \u00fcllatav k\u00e4itumine.<\/p>\n<p>Sotsiaalmeedias levima l\u00e4inud klipis on n\u00e4ha, kuidas laulja j\u00e4rsku oma nina pigistab ja siis oma jalge ette nina nuuskab. Tatt kukub lavale ja Springsteen j\u00e4tkab oma esinemist, nagu poleks midagi juhtunud.<\/p>\n<p>Netirahvale ei j\u00e4\u00e4nud laval toimunu m\u00e4rkamata. Postituse kommentaariumis ei varjanud inimesed oma vastikust. Samuti olid nad kuulsa artisti sellisest k\u00e4itumisest \u00fcllatunud. <\/p>\n<p>\u201eVastik,\u201c kirjutas \u00fcks kommenteerija. \u201eKui vastik ta on!\u201c imestas teinegi. \u201eKujutage ette, et te maksate hunniku raha esirea koha eest ja siis satute tatidu\u0161\u0161i alla,\u201c naljatles kolmas kommenteerija. \u201eKes kurat nii teeb?\u201c kirjutas veel \u00fcks kommenteerija. <\/p>\n<p>Bruce Springsteen s\u00fcndis 23. septembril 1949. aastal. Vaeste ja r\u00f5hutute teemat l\u00e4bi oma karj\u00e4\u00e4ri kedrates ja ennast tavalise rokkarina esitledes, tegutseb Bruce t\u00f5elise kullakaevurina &#8211; USA majandusajakiri Forbes andis 2024. aastal teada, et Springsteenist on saanud miljard\u00e4r. Miljard\u00e4ride klubisse p\u00e4\u00e4semine oli p\u00e4ris uhke kink tema 75. s\u00fcnnip\u00e4evaks. Springsteeni lauludest on kuulsaimad \u201eDancing In the Dark\u201c, \u201eI\u2019m On Fire\u201c, \u201eBorn in the U.S.A.\u201c jpt. <\/p>\n<p>Kuidas see lugu Sind end tundma pani? Saada <a href=\"https:\/\/kroonika.delfi.ee\/artikkel\/120601162\/video-kui-vastik-ta-on-rahvast-pahandas-bruce-springsteeni-kaitumine-laval\/kommentaarid\" class=\"article-body-bottom__comment article-body-bottom__comment--write button button--primary button--size-auto\" rel=\"nofollow noopener\" target=\"_blank\"> Kommenteeri <\/a><a href=\"https:\/\/kroonika.delfi.ee\/artikkel\/120601162\/video-kui-vastik-ta-on-rahvast-pahandas-bruce-springsteeni-kaitumine-laval\/kommentaarid\" class=\"article-body-bottom__comment article-body-bottom__comment--read button button--size-auto\" rel=\"nofollow noopener\" target=\"_blank\"> Loe kommentaare (8)<\/a><\/p>\n","protected":false},"excerpt":{"rendered":"Ameerika \u00dchendriikide roki \u00fcks s\u00e4ravaimaid t\u00e4hti Bruce Springsteen j\u00e4i hiljuti kaamerate ette oma kontserdil toimuvaga. Seekord ei k\u00f6itnud&hellip;\n","protected":false},"author":2,"featured_media":243008,"comment_status":"","ping_status":"","sticky":false,"template":"","format":"standard","meta":{"footnotes":"","_share_on_mastodon":"0"},"categories":[16],"tags":[16011,37,33,35,173,34,36,140],"class_list":["post-243007","post","type-post","status-publish","format-standard","has-post-thumbnail","category-meelelahutus","tag-bruce-springsteen","tag-ee","tag-eesti","tag-eesti-keel","tag-entertainment","tag-estonia","tag-estonian","tag-meelelahutus"],"share_on_mastodon":{"url":"https:\/\/pubeurope.com\/@ee\/117030243697689860","error":""},"_links":{"self":[{"href":"https:\/\/www.europesays.com\/ee\/wp-json\/wp\/v2\/posts\/243007","targetHints":{"allow":["GET"]}}],"collection":[{"href":"https:\/\/www.europesays.com\/ee\/wp-json\/wp\/v2\/posts"}],"about":[{"href":"https:\/\/www.europesays.com\/ee\/wp-json\/wp\/v2\/types\/post"}],"author":[{"embeddable":true,"href":"https:\/\/www.europesays.com\/ee\/wp-json\/wp\/v2\/users\/2"}],"replies":[{"embeddable":true,"href":"https:\/\/www.europesays.com\/ee\/wp-json\/wp\/v2\/comments?post=243007"}],"version-history":[{"count":0,"href":"https:\/\/www.europesays.com\/ee\/wp-json\/wp\/v2\/posts\/243007\/revisions"}],"wp:featuredmedia":[{"embeddable":true,"href":"https:\/\/www.europesays.com\/ee\/wp-json\/wp\/v2\/media\/243008"}],"wp:attachment":[{"href":"https:\/\/www.europesays.com\/ee\/wp-json\/wp\/v2\/media?parent=243007"}],"wp:term":[{"taxonomy":"category","embeddable":true,"href":"https:\/\/www.europesays.com\/ee\/wp-json\/wp\/v2\/categories?post=243007"},{"taxonomy":"post_tag","embeddable":true,"href":"https:\/\/www.europesays.com\/ee\/wp-json\/wp\/v2\/tags?post=243007"}],"curies":[{"name":"wp","href":"https:\/\/api.w.org\/{rel}","templated":true}]}}