{"id":243047,"date":"2026-08-03T07:58:07","date_gmt":"2026-08-03T07:58:07","guid":{"rendered":"https:\/\/www.europesays.com\/ee\/243047\/"},"modified":"2026-08-03T07:58:07","modified_gmt":"2026-08-03T07:58:07","slug":"itaalias-hukkus-bussi-ja-matkaauto-kokkuporkes-kuus-inimest","status":"publish","type":"post","link":"https:\/\/www.europesays.com\/ee\/243047\/","title":{"rendered":"Itaalias hukkus bussi ja matkaauto kokkup\u00f5rkes kuus inimest"},"content":{"rendered":"<p>\u00d5nnetus leidis aset Colli sul Velino ja Piediluco mahas\u00f5idu vahel. Neli inimest hukkus bussis: kaks juhti ja kaks reisijat. Matkaautos hukkus kaks inimest. Kolm raskelt viga saanud inimest, kellest \u00fcks hiljem suri, viidi Terni haiglasse ja veel \u00fcks inimene <a rel=\"noopener nofollow\" target=\"_blank\" href=\"https:\/\/www.delfi.ee\/teema\/28931929\/rooma\" tag-id=\"28931929\">Rooma<\/a> Gemelli haiglasse, vahendab Rai News.<\/p>\n<p>\u00dclej\u00e4\u00e4nud vigastatud, sealhulgas \u00fcks laps, viidi Rieti, Terni ja Foligno haiglasse.<\/p>\n<p>\u00d5nnetus juhtus Greccio tunneli v\u00e4ljap\u00e4\u00e4su juures. Sadas paduvihma ja oli tugev tuul, mille t\u00f5ttu kukkusid teele puud.<\/p>\n<p>Esialgsetel andmetel s\u00f5itis matkaauto vastassuunav\u00f6\u00f6ndisse. Matkaauto h\u00e4vis kokkup\u00f5rkes t\u00e4ielikult. \u00dcks veel kolmest \u00f5nnetusse sattunud autost maandus k\u00fcljel.<\/p>\n<p>Kuidas see lugu Sind end tundma pani? Saada <a href=\"https:\/\/www.delfi.ee\/artikkel\/120601211\/itaalias-hukkus-bussi-ja-matkaauto-kokkuporkes-kuus-inimest\/kommentaarid\" class=\"article-body-bottom__comment article-body-bottom__comment--write button button--primary button--size-auto\" rel=\"nofollow noopener\" target=\"_blank\"> Kommenteeri <\/a><a href=\"https:\/\/www.delfi.ee\/artikkel\/120601211\/itaalias-hukkus-bussi-ja-matkaauto-kokkuporkes-kuus-inimest\/kommentaarid\" class=\"article-body-bottom__comment article-body-bottom__comment--read button button--size-auto\" rel=\"nofollow noopener\" target=\"_blank\"> Loe kommentaare (2)<\/a><\/p>\n","protected":false},"excerpt":{"rendered":"\u00d5nnetus leidis aset Colli sul Velino ja Piediluco mahas\u00f5idu vahel. Neli inimest hukkus bussis: kaks juhti ja kaks&hellip;\n","protected":false},"author":2,"featured_media":243048,"comment_status":"","ping_status":"","sticky":false,"template":"","format":"standard","meta":{"footnotes":"","_share_on_mastodon":"0"},"categories":[80],"tags":[26,27,37,33,35,34,36,31,32,21,109,28,29,1542,95,19,25,2367,23,24,22,96132,20,30,92,93,94],"class_list":["post-243047","post","type-post","status-publish","format-standard","has-post-thumbnail","category-maailm","tag-breaking-news","tag-breakingnews","tag-ee","tag-eesti","tag-eesti-keel","tag-estonia","tag-estonian","tag-featured-news","tag-featurednews","tag-headlines","tag-itaalia","tag-latest-news","tag-latestnews","tag-lazio","tag-maailm","tag-news","tag-populaarseimad-lood","tag-rooma","tag-top-stories","tag-topstories","tag-uldised-uudised","tag-umbria","tag-uudised","tag-viimased-uudised","tag-world","tag-world-news","tag-worldnews"],"share_on_mastodon":{"url":"https:\/\/pubeurope.com\/@ee\/117030518934846518","error":""},"_links":{"self":[{"href":"https:\/\/www.europesays.com\/ee\/wp-json\/wp\/v2\/posts\/243047","targetHints":{"allow":["GET"]}}],"collection":[{"href":"https:\/\/www.europesays.com\/ee\/wp-json\/wp\/v2\/posts"}],"about":[{"href":"https:\/\/www.europesays.com\/ee\/wp-json\/wp\/v2\/types\/post"}],"author":[{"embeddable":true,"href":"https:\/\/www.europesays.com\/ee\/wp-json\/wp\/v2\/users\/2"}],"replies":[{"embeddable":true,"href":"https:\/\/www.europesays.com\/ee\/wp-json\/wp\/v2\/comments?post=243047"}],"version-history":[{"count":0,"href":"https:\/\/www.europesays.com\/ee\/wp-json\/wp\/v2\/posts\/243047\/revisions"}],"wp:featuredmedia":[{"embeddable":true,"href":"https:\/\/www.europesays.com\/ee\/wp-json\/wp\/v2\/media\/243048"}],"wp:attachment":[{"href":"https:\/\/www.europesays.com\/ee\/wp-json\/wp\/v2\/media?parent=243047"}],"wp:term":[{"taxonomy":"category","embeddable":true,"href":"https:\/\/www.europesays.com\/ee\/wp-json\/wp\/v2\/categories?post=243047"},{"taxonomy":"post_tag","embeddable":true,"href":"https:\/\/www.europesays.com\/ee\/wp-json\/wp\/v2\/tags?post=243047"}],"curies":[{"name":"wp","href":"https:\/\/api.w.org\/{rel}","templated":true}]}}