{"id":243083,"date":"2026-08-03T08:40:12","date_gmt":"2026-08-03T08:40:12","guid":{"rendered":"https:\/\/www.europesays.com\/ee\/243083\/"},"modified":"2026-08-03T08:40:12","modified_gmt":"2026-08-03T08:40:12","slug":"eestiski-voistelnud-leedu-lumelauasoitja-uppus","status":"publish","type":"post","link":"https:\/\/www.europesays.com\/ee\/243083\/","title":{"rendered":"Eestiski v\u00f5istelnud Leedu lumelauas\u00f5itja uppus"},"content":{"rendered":"<p><a rel=\"noopener nofollow\" target=\"_blank\" href=\"https:\/\/www.delfi.ee\/teema\/57925678\/klaipeda\" tag-id=\"57925678\">Klaipeda<\/a> piirkonna politseijaoskonna k\u00f5neisik Asta Ka\u017eukauskien\u0117 \u00fctles Leedu Delfile, et traagiline \u00f5nnetus juhtus pisut enne kella 14.<\/p>\n<p>\u201eP\u00e4\u00e4stjad t\u00f5id isiku veest v\u00e4lja ja teda prooviti elustada. Kahjuks see ei \u00f5nnestunud,\u201c lausus Ka\u017eukauskien\u0117.<\/p>\n<p>Samal ajal toimus Nidas populaarne tantsumuusikafestival Anna. Kuigi uppumine polnud otseselt festivaliga seotud, otsustasid korraldajad j\u00e4relej\u00e4\u00e4nud programmi t\u00fchistada.<\/p>\n<p>1996. aastal s\u00fcndinud Lisauskas v\u00f5istles karj\u00e4\u00e4ri jooksul ka Eestis. 2022. aastal V\u00e4ike-Munam\u00e4e suusakeskuses peetud L\u00e4ti ja Leedu \u00fchistel meistriv\u00f5istlustel tuli Lisauskas Big Airi h\u00fcpetes esimeseks ja pargis\u00f5idus kolmandaks. 2023. aastal v\u00f5itis ta kodumaal Druskininkais Big Airi h\u00fcpetes FIS-i v\u00f5istluse.<\/p>\n<p>Viimastel aastatel t\u00f6\u00f6tas Lisauskas Leedus lume- ja veelauas\u00f5idu treenerina.<\/p>\n<p>Kuidas see lugu Sind end tundma pani? Saada <a href=\"https:\/\/sport.delfi.ee\/artikkel\/120601173\/eestiski-voistelnud-leedu-lumelauasoitja-uppus\/kommentaarid\" class=\"article-body-bottom__comment article-body-bottom__comment--write button button--primary button--size-auto\" rel=\"nofollow noopener\" target=\"_blank\"> Kommenteeri <\/a><a href=\"https:\/\/sport.delfi.ee\/artikkel\/120601173\/eestiski-voistelnud-leedu-lumelauasoitja-uppus\/kommentaarid\" class=\"article-body-bottom__comment article-body-bottom__comment--read button button--size-auto\" rel=\"nofollow noopener\" target=\"_blank\"> Loe kommentaare (1)<\/a><\/p>\n","protected":false},"excerpt":{"rendered":"Klaipeda piirkonna politseijaoskonna k\u00f5neisik Asta Ka\u017eukauskien\u0117 \u00fctles Leedu Delfile, et traagiline \u00f5nnetus juhtus pisut enne kella 14. \u201eP\u00e4\u00e4stjad&hellip;\n","protected":false},"author":2,"featured_media":243084,"comment_status":"","ping_status":"","sticky":false,"template":"","format":"standard","meta":{"footnotes":"","_share_on_mastodon":"0"},"categories":[18],"tags":[37,33,35,34,36,1960,159,158],"class_list":["post-243083","post","type-post","status-publish","format-standard","has-post-thumbnail","category-sport","tag-ee","tag-eesti","tag-eesti-keel","tag-estonia","tag-estonian","tag-klaipeda","tag-sport","tag-sports"],"share_on_mastodon":{"url":"https:\/\/pubeurope.com\/@ee\/117030684602618388","error":""},"_links":{"self":[{"href":"https:\/\/www.europesays.com\/ee\/wp-json\/wp\/v2\/posts\/243083","targetHints":{"allow":["GET"]}}],"collection":[{"href":"https:\/\/www.europesays.com\/ee\/wp-json\/wp\/v2\/posts"}],"about":[{"href":"https:\/\/www.europesays.com\/ee\/wp-json\/wp\/v2\/types\/post"}],"author":[{"embeddable":true,"href":"https:\/\/www.europesays.com\/ee\/wp-json\/wp\/v2\/users\/2"}],"replies":[{"embeddable":true,"href":"https:\/\/www.europesays.com\/ee\/wp-json\/wp\/v2\/comments?post=243083"}],"version-history":[{"count":0,"href":"https:\/\/www.europesays.com\/ee\/wp-json\/wp\/v2\/posts\/243083\/revisions"}],"wp:featuredmedia":[{"embeddable":true,"href":"https:\/\/www.europesays.com\/ee\/wp-json\/wp\/v2\/media\/243084"}],"wp:attachment":[{"href":"https:\/\/www.europesays.com\/ee\/wp-json\/wp\/v2\/media?parent=243083"}],"wp:term":[{"taxonomy":"category","embeddable":true,"href":"https:\/\/www.europesays.com\/ee\/wp-json\/wp\/v2\/categories?post=243083"},{"taxonomy":"post_tag","embeddable":true,"href":"https:\/\/www.europesays.com\/ee\/wp-json\/wp\/v2\/tags?post=243083"}],"curies":[{"name":"wp","href":"https:\/\/api.w.org\/{rel}","templated":true}]}}