{"id":243089,"date":"2026-08-03T08:44:05","date_gmt":"2026-08-03T08:44:05","guid":{"rendered":"https:\/\/www.europesays.com\/ee\/243089\/"},"modified":"2026-08-03T08:44:05","modified_gmt":"2026-08-03T08:44:05","slug":"saarlased-peavad-kuttima-4800-metssiga","status":"publish","type":"post","link":"https:\/\/www.europesays.com\/ee\/243089\/","title":{"rendered":"Saarlased peavad k\u00fcttima 4800 metssiga"},"content":{"rendered":"<p class=\"Standard\">Keskkonnaameti jahinduse ja vee-elustiku osakonna juhataja Tanel T\u00fcrna \u00fctles, et v\u00f5rreldes maikuus kehtestatud esialgse k\u00fcttimismahuga (8585 metssiga) suurendas keskkonnamet p\u00e4rast uute seireandmete laekumist ja SAK-i levikuolukorra hindamist k\u00fcttimismahtu 12 600 seani.<\/p>\n<p class=\"Standard\">&#8220;Suurim k\u00fcttimismaht m\u00e4\u00e4rati Saare maakonnale, kus tuleb k\u00fcttida 4800 metssiga. J\u00e4rgnevad Hiiumaa 1500, Harjumaa ja L\u00e4\u00e4nemaa kumbki 1000 ning L\u00e4\u00e4ne-Virumaa 900 seaga. K\u00fcttimismahud m\u00e4\u00e4rati keskkonnaagentuuri seireandmete, maakondlike jahindusn\u00f5ukogude ettepanekute ning SAK-i levikuolukorra p\u00f5hjal,&#8221; selgitas T\u00fcrna.<\/p>\n","protected":false},"excerpt":{"rendered":"Keskkonnaameti jahinduse ja vee-elustiku osakonna juhataja Tanel T\u00fcrna \u00fctles, et v\u00f5rreldes maikuus kehtestatud esialgse k\u00fcttimismahuga (8585 metssiga) suurendas&hellip;\n","protected":false},"author":2,"featured_media":243090,"comment_status":"","ping_status":"","sticky":false,"template":"","format":"standard","meta":{"footnotes":"","_share_on_mastodon":"0"},"categories":[12],"tags":[26,27,37,33,35,34,36,31,32,10062,21,3218,96164,1452,1446,12957,28,29,96165,19,25,7247,96166,62297,23,24,22,20,30],"class_list":["post-243089","post","type-post","status-publish","format-standard","has-post-thumbnail","category-eesti","tag-breaking-news","tag-breakingnews","tag-ee","tag-eesti","tag-eesti-keel","tag-estonia","tag-estonian","tag-featured-news","tag-featurednews","tag-harjumaa","tag-headlines","tag-hiiumaa","tag-jahiaasta","tag-keskkonnaamet","tag-laane-virumaa","tag-laanemaa","tag-latest-news","tag-latestnews","tag-metssigade-kuttimismaht","tag-news","tag-populaarseimad-lood","tag-saare-maakond","tag-sak-i-levik","tag-seireandmed","tag-top-stories","tag-topstories","tag-uldised-uudised","tag-uudised","tag-viimased-uudised"],"share_on_mastodon":{"url":"","error":""},"_links":{"self":[{"href":"https:\/\/www.europesays.com\/ee\/wp-json\/wp\/v2\/posts\/243089","targetHints":{"allow":["GET"]}}],"collection":[{"href":"https:\/\/www.europesays.com\/ee\/wp-json\/wp\/v2\/posts"}],"about":[{"href":"https:\/\/www.europesays.com\/ee\/wp-json\/wp\/v2\/types\/post"}],"author":[{"embeddable":true,"href":"https:\/\/www.europesays.com\/ee\/wp-json\/wp\/v2\/users\/2"}],"replies":[{"embeddable":true,"href":"https:\/\/www.europesays.com\/ee\/wp-json\/wp\/v2\/comments?post=243089"}],"version-history":[{"count":0,"href":"https:\/\/www.europesays.com\/ee\/wp-json\/wp\/v2\/posts\/243089\/revisions"}],"wp:featuredmedia":[{"embeddable":true,"href":"https:\/\/www.europesays.com\/ee\/wp-json\/wp\/v2\/media\/243090"}],"wp:attachment":[{"href":"https:\/\/www.europesays.com\/ee\/wp-json\/wp\/v2\/media?parent=243089"}],"wp:term":[{"taxonomy":"category","embeddable":true,"href":"https:\/\/www.europesays.com\/ee\/wp-json\/wp\/v2\/categories?post=243089"},{"taxonomy":"post_tag","embeddable":true,"href":"https:\/\/www.europesays.com\/ee\/wp-json\/wp\/v2\/tags?post=243089"}],"curies":[{"name":"wp","href":"https:\/\/api.w.org\/{rel}","templated":true}]}}