{"id":243143,"date":"2026-08-03T09:40:26","date_gmt":"2026-08-03T09:40:26","guid":{"rendered":"https:\/\/www.europesays.com\/ee\/243143\/"},"modified":"2026-08-03T09:40:26","modified_gmt":"2026-08-03T09:40:26","slug":"narva-kavatseb-aktiivsemalt-kaasata-el-i-vahendeid-suurtesse-projektidesse","status":"publish","type":"post","link":"https:\/\/www.europesays.com\/ee\/243143\/","title":{"rendered":"Narva kavatseb aktiivsemalt kaasata EL-i vahendeid suurtesse projektidesse"},"content":{"rendered":"<p>Narva uue koalitsiooni \u00fcheks peamiseks eesm\u00e4rgiks saab riikliku rahastuse, Euroopa Liidu vahendite ja erainvestorite aktiivsem kaasamine linna suurte projektide elluviimiseks, teatab BNS viitega n\u00e4dalalehele Keskn\u00e4dal.<\/p>\n<p>\u201cIga koalitsioonilepingu punkt on oluline, kuid \u00fcheks meie peamiseks prioriteediks saab investeeringute kaasamine ja t\u00e4iendavate rahastusallikate otsimine Narva arenguks,\u201d \u00fctles linnapea Jaan Toots.<\/p>\n<p>Tema s\u00f5nul peavad linnav\u00f5imud sama oluliseks ka s\u00fcsteemset t\u00f6\u00f6d noortega: noortele on vaja tutvustada t\u00f6\u00f6turul n\u00f5utud erialasid ning luua tingimused, mis motiveeriksid neid p\u00e4rast \u00f5pinguid Eestis v\u00f5i v\u00e4lismaal kodulinna tagasi p\u00f6\u00f6rduma.<\/p>\n<p>\u201cVeel \u00fcks oluline suund on linna valmisoleku suurendamine v\u00f5imalikeks kriisiolukordadeks. Need on konkreetsed \u00fclesanded, millest s\u00f5ltuvad otseselt Narva elanike turvalisus, heaolu ja elukvaliteet,\u201d m\u00e4rkis Toots.<\/p>\n<p>Koalitsioonilepingu kohaselt toetab linn eriv\u00f5imekusega vabatahtliku p\u00e4\u00e4stekomando loomist ning arendab varjendite, kriisikeskuste ja erakorraliste tanklate v\u00f5rgustikku. Samuti on kavas t\u00f5sta elektri-, veevarustus- ja sides\u00fcsteemide t\u00f6\u00f6kindlust ning koolitada elanikke tegutsema erakorralistes olukordades koost\u00f6\u00f6s P\u00e4\u00e4steameti, Politsei- ja Piirivalveameti, Kaitseliidu ja teiste partneritega.<\/p>\n","protected":false},"excerpt":{"rendered":"Narva uue koalitsiooni \u00fcheks peamiseks eesm\u00e4rgiks saab riikliku rahastuse, Euroopa Liidu vahendite ja erainvestorite aktiivsem kaasamine linna suurte&hellip;\n","protected":false},"author":2,"featured_media":243144,"comment_status":"","ping_status":"","sticky":false,"template":"","format":"standard","meta":{"footnotes":"","_share_on_mastodon":"0"},"categories":[5],"tags":[26,27,37,33,35,34,36,31,32,21,20995,96192,6457,96193,28,29,96194,2521,19,59752,25,23,24,22,20,30],"class_list":["post-243143","post","type-post","status-publish","format-standard","has-post-thumbnail","category-uldised-uudised","tag-breaking-news","tag-breakingnews","tag-ee","tag-eesti","tag-eesti-keel","tag-estonia","tag-estonian","tag-featured-news","tag-featurednews","tag-headlines","tag-kaasamine","tag-kaitseliidu-ja-teiste-partneritega","tag-koalitsioonileping","tag-koostoos-paasteameti","tag-latest-news","tag-latestnews","tag-linnapea-jaan-toots","tag-narva","tag-news","tag-politsei-ja-piirivalveameti","tag-populaarseimad-lood","tag-top-stories","tag-topstories","tag-uldised-uudised","tag-uudised","tag-viimased-uudised"],"share_on_mastodon":{"url":"https:\/\/pubeurope.com\/@ee\/117030920222940902","error":""},"_links":{"self":[{"href":"https:\/\/www.europesays.com\/ee\/wp-json\/wp\/v2\/posts\/243143","targetHints":{"allow":["GET"]}}],"collection":[{"href":"https:\/\/www.europesays.com\/ee\/wp-json\/wp\/v2\/posts"}],"about":[{"href":"https:\/\/www.europesays.com\/ee\/wp-json\/wp\/v2\/types\/post"}],"author":[{"embeddable":true,"href":"https:\/\/www.europesays.com\/ee\/wp-json\/wp\/v2\/users\/2"}],"replies":[{"embeddable":true,"href":"https:\/\/www.europesays.com\/ee\/wp-json\/wp\/v2\/comments?post=243143"}],"version-history":[{"count":0,"href":"https:\/\/www.europesays.com\/ee\/wp-json\/wp\/v2\/posts\/243143\/revisions"}],"wp:featuredmedia":[{"embeddable":true,"href":"https:\/\/www.europesays.com\/ee\/wp-json\/wp\/v2\/media\/243144"}],"wp:attachment":[{"href":"https:\/\/www.europesays.com\/ee\/wp-json\/wp\/v2\/media?parent=243143"}],"wp:term":[{"taxonomy":"category","embeddable":true,"href":"https:\/\/www.europesays.com\/ee\/wp-json\/wp\/v2\/categories?post=243143"},{"taxonomy":"post_tag","embeddable":true,"href":"https:\/\/www.europesays.com\/ee\/wp-json\/wp\/v2\/tags?post=243143"}],"curies":[{"name":"wp","href":"https:\/\/api.w.org\/{rel}","templated":true}]}}