{"id":243259,"date":"2026-08-03T11:43:13","date_gmt":"2026-08-03T11:43:13","guid":{"rendered":"https:\/\/www.europesays.com\/ee\/243259\/"},"modified":"2026-08-03T11:43:13","modified_gmt":"2026-08-03T11:43:13","slug":"viljandimaal-puhus-nadalavahetusel-alkomeetrisse-ule-1300-juhi","status":"publish","type":"post","link":"https:\/\/www.europesays.com\/ee\/243259\/","title":{"rendered":"Viljandimaal puhus n\u00e4dalavahetusel alkomeetrisse \u00fcle 1300 juhi"},"content":{"rendered":"<p>Laup\u00e4eval kontrollisid politseipatrullid liiklusj\u00e4relevalve k\u00e4igus s\u00f5idukijuhte nii Viljandi linnas kui maakonnas. N\u00e4dalavahetusel kontrolliti 1305 s\u00f5idukijuhi joovet ning avastati kaks alkoholi piirm\u00e4\u00e4ra \u00fcletajat ja \u00fcks narkojoobe tunnustega juht, kes suunati ekspertiisi. Lisaks tabati \u00fcks loata s\u00f5idukijuht. Muu hulgas kontrolliti inimeste dokumente ja s\u00f5idukeid, et tabada Eestis ebaseaduslikult viibivaid inimesi, aga \u00fchtegi rikkujat ei tuvastatud.<\/p>\n","protected":false},"excerpt":{"rendered":"Laup\u00e4eval kontrollisid politseipatrullid liiklusj\u00e4relevalve k\u00e4igus s\u00f5idukijuhte nii Viljandi linnas kui maakonnas. N\u00e4dalavahetusel kontrolliti 1305 s\u00f5idukijuhi joovet ning avastati&hellip;\n","protected":false},"author":2,"featured_media":243260,"comment_status":"","ping_status":"","sticky":false,"template":"","format":"standard","meta":{"footnotes":"","_share_on_mastodon":"0"},"categories":[12],"tags":[26,27,37,33,35,34,36,31,32,21,54290,28,29,96230,59607,19,353,25,96231,23,24,22,20,30],"class_list":["post-243259","post","type-post","status-publish","format-standard","has-post-thumbnail","category-eesti","tag-breaking-news","tag-breakingnews","tag-ee","tag-eesti","tag-eesti-keel","tag-estonia","tag-estonian","tag-featured-news","tag-featurednews","tag-headlines","tag-joove","tag-latest-news","tag-latestnews","tag-liiklusreid","tag-maido-kolk","tag-news","tag-politsei","tag-populaarseimad-lood","tag-rikkuja","tag-top-stories","tag-topstories","tag-uldised-uudised","tag-uudised","tag-viimased-uudised"],"share_on_mastodon":{"url":"https:\/\/pubeurope.com\/@ee\/117031403969703865","error":""},"_links":{"self":[{"href":"https:\/\/www.europesays.com\/ee\/wp-json\/wp\/v2\/posts\/243259","targetHints":{"allow":["GET"]}}],"collection":[{"href":"https:\/\/www.europesays.com\/ee\/wp-json\/wp\/v2\/posts"}],"about":[{"href":"https:\/\/www.europesays.com\/ee\/wp-json\/wp\/v2\/types\/post"}],"author":[{"embeddable":true,"href":"https:\/\/www.europesays.com\/ee\/wp-json\/wp\/v2\/users\/2"}],"replies":[{"embeddable":true,"href":"https:\/\/www.europesays.com\/ee\/wp-json\/wp\/v2\/comments?post=243259"}],"version-history":[{"count":0,"href":"https:\/\/www.europesays.com\/ee\/wp-json\/wp\/v2\/posts\/243259\/revisions"}],"wp:featuredmedia":[{"embeddable":true,"href":"https:\/\/www.europesays.com\/ee\/wp-json\/wp\/v2\/media\/243260"}],"wp:attachment":[{"href":"https:\/\/www.europesays.com\/ee\/wp-json\/wp\/v2\/media?parent=243259"}],"wp:term":[{"taxonomy":"category","embeddable":true,"href":"https:\/\/www.europesays.com\/ee\/wp-json\/wp\/v2\/categories?post=243259"},{"taxonomy":"post_tag","embeddable":true,"href":"https:\/\/www.europesays.com\/ee\/wp-json\/wp\/v2\/tags?post=243259"}],"curies":[{"name":"wp","href":"https:\/\/api.w.org\/{rel}","templated":true}]}}