{"id":243263,"date":"2026-08-03T11:51:13","date_gmt":"2026-08-03T11:51:13","guid":{"rendered":"https:\/\/www.europesays.com\/ee\/243263\/"},"modified":"2026-08-03T11:51:13","modified_gmt":"2026-08-03T11:51:13","slug":"virtsu-valmistub-rannajalgpallilegendi-kolmandaks-karikaturniiriks","status":"publish","type":"post","link":"https:\/\/www.europesays.com\/ee\/243263\/","title":{"rendered":"Virtsu valmistub rannajalgpallilegendi kolmandaks karikaturniiriks"},"content":{"rendered":"<p>            <a href=\"https:\/\/www.europesays.com\/ee\/wp-content\/uploads\/2026\/08\/virtsu-rannajalgpall.jpg\" data-caption=\"\"><img loading=\"lazy\" width=\"696\" height=\"490\" class=\"entry-thumb td-modal-image lazyload\" alt=\"\" title=\"virtsu rannajalgpall\" src=\"https:\/\/www.europesays.com\/ee\/wp-content\/uploads\/2026\/08\/virtsu-rannajalgpall-696x490.jpg\" decoding=\"async\"  data- data-eio-rwidth=\"696\" data-eio-rheight=\"490\"\/><\/a><\/p>\n<p><img loading=\"lazy\" class=\"wp-image-481641 size-full lazyload\" alt=\"\" width=\"1632\" height=\"1149\" src=\"https:\/\/www.europesays.com\/ee\/wp-content\/uploads\/2026\/08\/virtsu-rannajalgpall.jpg\" decoding=\"async\" data-eio-rwidth=\"1632\" data-eio-rheight=\"1149\"\/>Turniiri 2025. aasta osalejad koos Priit M\u00e4eoruga (taga vasakul). Erakogu<\/p>\n<p>\t\tReedel toimub Virtsu staadioni v\u00e4ikesel liivav\u00e4ljakul rannajalgpalliturniir: Priit M\u00e4eoru III karikaturniir rannajalgpallis toob juba kolmandat suve huvilised liivale.<\/p>\n<p>Priit M\u00e4eorg on Eesti rannajalgpallilegend, kes esimese eestlasena j\u00f5udis saja m\u00e4nguni Eesti rannajalgpalli rahvuskoondises. Ta alustas sportimist v\u00e4ikeses K\u00f5msi algkoolis ja tuli jalgpallitreeningutele Virtsusse L\u00f5una-L\u00e4\u00e4nemaa jalgpalliklubisse.<\/p>\n<p>Peale Virtsu koolis \u00f5ppimist siirdus ta Tallinnasse, kus m\u00e4ngis Tallinna FC Flora noortes\u00fcsteemis ja j\u00f5udis N\u00f5mme Kalju meeskonnaga 2008. aastal esimeste Premium liiga m\u00e4ngudeni. Siis alustas ta ka oma teed rannajalgpalli Eesti meistriv\u00f5istlustel ja j\u00f5udis rahvuskoondisse, kus aprillis 2024 t\u00e4itus tal sada m\u00e4ngu koondise eest m\u00e4ngus \u0160veitsi vastu.<\/p>\n<p>Artikkel j\u00e4tkub peale reklaami<img loading=\"lazy\" decoding=\"async\" class=\"aligncenter size-full wp-image-387649\" src=\"https:\/\/www.europesays.com\/ee\/wp-content\/uploads\/2026\/08\/1785757873_374_tasuline.png\" alt=\"\" width=\"688\" height=\"101\" data-eio=\"l\"\/><\/a><\/p>\n<p>Reklaam<\/p>\n","protected":false},"excerpt":{"rendered":"Turniiri 2025. aasta osalejad koos Priit M\u00e4eoruga (taga vasakul). Erakogu Reedel toimub Virtsu staadioni v\u00e4ikesel liivav\u00e4ljakul rannajalgpalliturniir: Priit&hellip;\n","protected":false},"author":2,"featured_media":243264,"comment_status":"","ping_status":"","sticky":false,"template":"","format":"standard","meta":{"footnotes":"","_share_on_mastodon":"0"},"categories":[18],"tags":[37,33,35,34,36,85389,159,158,96232],"class_list":["post-243263","post","type-post","status-publish","format-standard","has-post-thumbnail","category-sport","tag-ee","tag-eesti","tag-eesti-keel","tag-estonia","tag-estonian","tag-priit-maeorg","tag-sport","tag-sports","tag-virtsu-rannajalgpall"],"share_on_mastodon":{"url":"https:\/\/pubeurope.com\/@ee\/117031436127005650","error":""},"_links":{"self":[{"href":"https:\/\/www.europesays.com\/ee\/wp-json\/wp\/v2\/posts\/243263","targetHints":{"allow":["GET"]}}],"collection":[{"href":"https:\/\/www.europesays.com\/ee\/wp-json\/wp\/v2\/posts"}],"about":[{"href":"https:\/\/www.europesays.com\/ee\/wp-json\/wp\/v2\/types\/post"}],"author":[{"embeddable":true,"href":"https:\/\/www.europesays.com\/ee\/wp-json\/wp\/v2\/users\/2"}],"replies":[{"embeddable":true,"href":"https:\/\/www.europesays.com\/ee\/wp-json\/wp\/v2\/comments?post=243263"}],"version-history":[{"count":0,"href":"https:\/\/www.europesays.com\/ee\/wp-json\/wp\/v2\/posts\/243263\/revisions"}],"wp:featuredmedia":[{"embeddable":true,"href":"https:\/\/www.europesays.com\/ee\/wp-json\/wp\/v2\/media\/243264"}],"wp:attachment":[{"href":"https:\/\/www.europesays.com\/ee\/wp-json\/wp\/v2\/media?parent=243263"}],"wp:term":[{"taxonomy":"category","embeddable":true,"href":"https:\/\/www.europesays.com\/ee\/wp-json\/wp\/v2\/categories?post=243263"},{"taxonomy":"post_tag","embeddable":true,"href":"https:\/\/www.europesays.com\/ee\/wp-json\/wp\/v2\/tags?post=243263"}],"curies":[{"name":"wp","href":"https:\/\/api.w.org\/{rel}","templated":true}]}}