{"id":243293,"date":"2026-08-03T12:16:09","date_gmt":"2026-08-03T12:16:09","guid":{"rendered":"https:\/\/www.europesays.com\/ee\/243293\/"},"modified":"2026-08-03T12:16:09","modified_gmt":"2026-08-03T12:16:09","slug":"rapla-vallavanem-voitis-kohtus-nuud-enda-juhitavat-valda-vaidlus-laks-vallale-maksma-ule-26-000-euro","status":"publish","type":"post","link":"https:\/\/www.europesays.com\/ee\/243293\/","title":{"rendered":"Rapla vallavanem v\u00f5itis kohtus n\u00fc\u00fcd enda juhitavat valda. Vaidlus l\u00e4ks vallale maksma \u00fcle 26 000 euro"},"content":{"rendered":"<p>Rapla vallavanem Rain Terras kirjutas juulis sotsiaalmeedias, et j\u00f5ustus kohtuotsus, millega kohus rahuldas osaliselt tema kaebuse Rapla valla vastu. \u201eNeed poolteist aastat ei olnud pelgalt kohtumenetlus. See aeg ei j\u00e4tnud puudutamata ka minu isiklikku elu ja eriti l\u00e4hedasi,\u201c kirjutas ta.<\/p>\n<p>Terras t\u00f6\u00f6tas enne vallavanemaks saamist Rapla abivallavanemana. Avaldatud kohtulahendis on kaebaja nime asemel initsiaalid, ent kirjeldatud ametikoht, vallandamise asjaolud, vallavanemaks valimise kuup\u00e4ev ning valla esitatud kuluandmed kattuvad Terrase kirjeldatud vaidlusega.<\/p>\n<p><a href=\"https:\/\/www.delfi.ee\/artikkel\/120601228\/rapla-vallavanem-voitis-kohtus-nuud-enda-juhitavat-valda-vaidlus-laks-vallale-maksma-ule-26-000-euro\/kommentaarid\" class=\"article-body-bottom__comment article-body-bottom__comment--write button button--primary button--size-auto\" rel=\"nofollow noopener\" target=\"_blank\"> Kommenteeri <\/a><a href=\"https:\/\/www.delfi.ee\/artikkel\/120601228\/rapla-vallavanem-voitis-kohtus-nuud-enda-juhitavat-valda-vaidlus-laks-vallale-maksma-ule-26-000-euro\/kommentaarid\" class=\"article-body-bottom__comment article-body-bottom__comment--read button button--size-auto\" rel=\"nofollow noopener\" target=\"_blank\"> Loe kommentaare (8)<\/a><\/p>\n","protected":false},"excerpt":{"rendered":"Rapla vallavanem Rain Terras kirjutas juulis sotsiaalmeedias, et j\u00f5ustus kohtuotsus, millega kohus rahuldas osaliselt tema kaebuse Rapla valla&hellip;\n","protected":false},"author":2,"featured_media":243294,"comment_status":"","ping_status":"","sticky":false,"template":"","format":"standard","meta":{"footnotes":"","_share_on_mastodon":"0"},"categories":[12],"tags":[26,27,37,33,35,34,36,31,32,21,28,29,19,25,82734,7199,23,24,22,20,4009,30],"class_list":["post-243293","post","type-post","status-publish","format-standard","has-post-thumbnail","category-eesti","tag-breaking-news","tag-breakingnews","tag-ee","tag-eesti","tag-eesti-keel","tag-estonia","tag-estonian","tag-featured-news","tag-featurednews","tag-headlines","tag-latest-news","tag-latestnews","tag-news","tag-populaarseimad-lood","tag-rapla-vald","tag-tallinna-halduskohus","tag-top-stories","tag-topstories","tag-uldised-uudised","tag-uudised","tag-vallavanem","tag-viimased-uudised"],"share_on_mastodon":{"url":"https:\/\/pubeurope.com\/@ee\/117031533594187653","error":""},"_links":{"self":[{"href":"https:\/\/www.europesays.com\/ee\/wp-json\/wp\/v2\/posts\/243293","targetHints":{"allow":["GET"]}}],"collection":[{"href":"https:\/\/www.europesays.com\/ee\/wp-json\/wp\/v2\/posts"}],"about":[{"href":"https:\/\/www.europesays.com\/ee\/wp-json\/wp\/v2\/types\/post"}],"author":[{"embeddable":true,"href":"https:\/\/www.europesays.com\/ee\/wp-json\/wp\/v2\/users\/2"}],"replies":[{"embeddable":true,"href":"https:\/\/www.europesays.com\/ee\/wp-json\/wp\/v2\/comments?post=243293"}],"version-history":[{"count":0,"href":"https:\/\/www.europesays.com\/ee\/wp-json\/wp\/v2\/posts\/243293\/revisions"}],"wp:featuredmedia":[{"embeddable":true,"href":"https:\/\/www.europesays.com\/ee\/wp-json\/wp\/v2\/media\/243294"}],"wp:attachment":[{"href":"https:\/\/www.europesays.com\/ee\/wp-json\/wp\/v2\/media?parent=243293"}],"wp:term":[{"taxonomy":"category","embeddable":true,"href":"https:\/\/www.europesays.com\/ee\/wp-json\/wp\/v2\/categories?post=243293"},{"taxonomy":"post_tag","embeddable":true,"href":"https:\/\/www.europesays.com\/ee\/wp-json\/wp\/v2\/tags?post=243293"}],"curies":[{"name":"wp","href":"https:\/\/api.w.org\/{rel}","templated":true}]}}