{"id":243405,"date":"2026-08-03T14:08:13","date_gmt":"2026-08-03T14:08:13","guid":{"rendered":"https:\/\/www.europesays.com\/ee\/243405\/"},"modified":"2026-08-03T14:08:13","modified_gmt":"2026-08-03T14:08:13","slug":"tehnikaklubi-jatkamine-on-kahtluse-all-see-toetus-mille-vald-meile-eraldas-on-otsas","status":"publish","type":"post","link":"https:\/\/www.europesays.com\/ee\/243405\/","title":{"rendered":"Tehnikaklubi j\u00e4tkamine on kahtluse all: &#8220;See toetus, mille vald meile eraldas, on otsas&#8221;"},"content":{"rendered":"<p class=\"MsoNormal\">&#8220;Tegutseme edasi, aga kogu ressurss l\u00e4heb sisuliselt \u00fche asja tegemiseks ja see raha, mis vald meile eraldas, on otsas,&#8221; \u00fctles Valjala noorte tehnikaklubi juhatuse liige Mehis Peegel. Endiselt korraldatakse tehnikaklubi valduses olevatel aladel s\u00f5idup\u00e4evi, kuid remondiringi tegutsemine on t\u00e4naseks peatatud. &#8220;Meil kasvab loodus p\u00e4he juba, oleme ka igasuguse trimmerdamise ja muu asja pealt kokku t\u00f5mmanud&#8221; r\u00e4\u00e4kis Peegel. &#8220;K\u00f5ige hullem on see, et meie kaevumaja andis ka saba.&#8221; Seega pole klubil ka enam vett, et masinaid korralikult hooldada.<\/p>\n","protected":false},"excerpt":{"rendered":"&#8220;Tegutseme edasi, aga kogu ressurss l\u00e4heb sisuliselt \u00fche asja tegemiseks ja see raha, mis vald meile eraldas, on&hellip;\n","protected":false},"author":2,"featured_media":243406,"comment_status":"","ping_status":"","sticky":false,"template":"","format":"standard","meta":{"footnotes":"","_share_on_mastodon":"0"},"categories":[12],"tags":[26,27,37,33,35,34,36,31,32,3932,21,96266,33428,96268,5389,28,29,4961,19,39327,96265,25,96267,948,2123,23,24,64420,22,20,75873,30],"class_list":["post-243405","post","type-post","status-publish","format-standard","has-post-thumbnail","category-eesti","tag-breaking-news","tag-breakingnews","tag-ee","tag-eesti","tag-eesti-keel","tag-estonia","tag-estonian","tag-featured-news","tag-featurednews","tag-haridus-ja-teadusministeerium","tag-headlines","tag-huviklubi","tag-integratsiooni-sihtasutus","tag-kop-programm","tag-lapsevanemad","tag-latest-news","tag-latestnews","tag-mtu","tag-news","tag-noorsootoo","tag-noorte-huvitegevus","tag-populaarseimad-lood","tag-projektikonkurss","tag-saaremaa","tag-saaremaa-vald","tag-top-stories","tag-topstories","tag-ukraina-sojapogenikud","tag-uldised-uudised","tag-uudised","tag-valjala-noorte-tehnikaklubi","tag-viimased-uudised"],"share_on_mastodon":{"url":"","error":"Validation failed: Text character limit of 500 exceeded"},"_links":{"self":[{"href":"https:\/\/www.europesays.com\/ee\/wp-json\/wp\/v2\/posts\/243405","targetHints":{"allow":["GET"]}}],"collection":[{"href":"https:\/\/www.europesays.com\/ee\/wp-json\/wp\/v2\/posts"}],"about":[{"href":"https:\/\/www.europesays.com\/ee\/wp-json\/wp\/v2\/types\/post"}],"author":[{"embeddable":true,"href":"https:\/\/www.europesays.com\/ee\/wp-json\/wp\/v2\/users\/2"}],"replies":[{"embeddable":true,"href":"https:\/\/www.europesays.com\/ee\/wp-json\/wp\/v2\/comments?post=243405"}],"version-history":[{"count":0,"href":"https:\/\/www.europesays.com\/ee\/wp-json\/wp\/v2\/posts\/243405\/revisions"}],"wp:featuredmedia":[{"embeddable":true,"href":"https:\/\/www.europesays.com\/ee\/wp-json\/wp\/v2\/media\/243406"}],"wp:attachment":[{"href":"https:\/\/www.europesays.com\/ee\/wp-json\/wp\/v2\/media?parent=243405"}],"wp:term":[{"taxonomy":"category","embeddable":true,"href":"https:\/\/www.europesays.com\/ee\/wp-json\/wp\/v2\/categories?post=243405"},{"taxonomy":"post_tag","embeddable":true,"href":"https:\/\/www.europesays.com\/ee\/wp-json\/wp\/v2\/tags?post=243405"}],"curies":[{"name":"wp","href":"https:\/\/api.w.org\/{rel}","templated":true}]}}