{"id":24346,"date":"2025-10-21T12:13:13","date_gmt":"2025-10-21T12:13:13","guid":{"rendered":"https:\/\/www.europesays.com\/ee\/24346\/"},"modified":"2025-10-21T12:13:13","modified_gmt":"2025-10-21T12:13:13","slug":"nouanded-i-kuidas-sisustada-terrassi-kus-on-hea-olla-aasta-labi","status":"publish","type":"post","link":"https:\/\/www.europesays.com\/ee\/24346\/","title":{"rendered":"N\u00d5UANDED I Kuidas sisustada terrassi, kus on hea olla aasta l\u00e4bi?"},"content":{"rendered":"<p>Ilmade k\u00fclmenedes p\u00f5genevad Eesti pered \u00f5uest tuppa, j\u00e4ttes terrassid ootama kevade saabumist. Vahel v\u00f5ib siiski m\u00f5nus s\u00fcgisene l\u00f5unas\u00f6\u00f6gi s\u00f6\u00f6mine \u00f5ues olla v\u00f5rdv\u00e4\u00e4rselt nauditav suvise grilli\u00f5htuga. IKEA sisekujundaja jagab nippe, mille abil saab terrassist hubane koht aastaringselt, kus soojust ja seiklusi j\u00e4tkub isegi jahedatesse \u00f5htutesse.<\/p>\n<p><a href=\"https:\/\/www.europesays.com\/ee\/wp-content\/uploads\/2025\/10\/Minu-IKEA-kodu-terrass-ENNE-2-Foto-IKEA.jpg\"><img fetchpriority=\"high\" decoding=\"async\" aria-describedby=\"caption-attachment-339793\" class=\"size-full wp-image-339793\" src=\"https:\/\/www.europesays.com\/ee\/wp-content\/uploads\/2025\/10\/Minu-IKEA-kodu-terrass-ENNE-2-Foto-IKEA.jpg\" alt=\"\" width=\"2048\" height=\"1365\"  \/><\/a><\/p>\n<p id=\"caption-attachment-339793\" class=\"wp-caption-text\">Terrass enne uuendust. Foto: IKEA<\/p>\n<p>Kui Tabasalu elanikud Fredi ja Helena soovisid enda terrassi v\u00e4rskendada tuli lahendada neil keeruline m\u00f5istatus: kuidas tekitada piisaval hulgal mugavaid istekohti sagedasteks pannkoogihommikuteks ja sauna\u00f5htuteks s\u00f5prade ja pere ringis? Paarikese katuseta olev aiaterrass, kaunistuseks ainult j\u00f5ulutuled ja \u00fcks seinalamp, ei andnud kuidagi nende unistuste \u00f5ueala m\u00f5\u00f5tu v\u00e4lja.<\/p>\n<p><a href=\"https:\/\/www.europesays.com\/ee\/wp-content\/uploads\/2025\/10\/Minu-IKEA-kodu-terrass-ENNE-3-Foto-IKEA.jpg\"><img loading=\"lazy\" decoding=\"async\" aria-describedby=\"caption-attachment-339797\" class=\"size-full wp-image-339797\" src=\"https:\/\/www.europesays.com\/ee\/wp-content\/uploads\/2025\/10\/Minu-IKEA-kodu-terrass-ENNE-3-Foto-IKEA.jpg\" alt=\"\" width=\"2048\" height=\"1365\"  \/><\/a><\/p>\n<p id=\"caption-attachment-339797\" class=\"wp-caption-text\">Terrass enne uuendust. Foto: IKEA<\/p>\n<p>IKEA sisekujundaja Caroli Heimonen, kes Fredi ja Helena terrassi uuendust koordineeris \u00fctles, et selle v\u00e4ljakutse p\u00f5nevaim osa oli terrassi eri funktsioonide uurimine ja avastamine, et maksimaalseid elamusi oleks v\u00f5imalik luua terve aasta jooksul. \u201eMinu eesm\u00e4rk oli luua \u00f5ueala, kus oktoobris s\u00f6\u00f6mine tundub sama loomulik kui juulikuu grill,\u201c s\u00f5nas ta.<\/p>\n<p>Eesm\u00e4rgi t\u00e4itmiseks tuli kitsav\u00f5itu terrassile mahutada kolm eriotstarbelist tsooni: s\u00f6\u00f6gi-, puhke-, ja toiduvalmistamise ala, arvestades sealhulgas kahte terrassile viivat ust, mida m\u00f6\u00f6bel ei tohtinud blokeerida. Lahendusena vahetati \u00e4ra omavahel puhke- ja s\u00f6\u00f6giala asukohad, tekitades terrassile juurde kohe palju rohkem vaba ruumi. Et ruumi oleks veelgi rohkem, otsustas sisekujundaja Heimonen viia toiduvalmistamise ala hoopis majast eemale aeda.<\/p>\n<p><a href=\"https:\/\/www.europesays.com\/ee\/wp-content\/uploads\/2025\/10\/Minu-IKEA-kodu-terrass-PARAST-5-Foto-IKEA.jpg\"><img loading=\"lazy\" decoding=\"async\" aria-describedby=\"caption-attachment-339786\" class=\"size-full wp-image-339786\" src=\"https:\/\/www.europesays.com\/ee\/wp-content\/uploads\/2025\/10\/Minu-IKEA-kodu-terrass-PARAST-5-Foto-IKEA.jpg\" alt=\"\" width=\"2048\" height=\"1365\"  \/><\/a><\/p>\n<p id=\"caption-attachment-339786\" class=\"wp-caption-text\">Terrass p\u00e4rast uuendust. Foto: IKEA<\/p>\n<p>M\u00f6\u00f6bel, mis koduneb aastaaegadega<\/p>\n<p>Terrassi s\u00fcdameks sai pikendatav laud, mille taha mahuvad \u00e4ra k\u00f5ik armsad pereliikmed ja s\u00f5brad. \u201eOn m\u00f5nus m\u00f5elda, et siin saab p\u00e4eva alustada kargel hommikul kuuma putru s\u00fc\u00fces v\u00f5i p\u00e4rast sauna\u00f5htut s\u00f5pradega t\u00e4htede all kesk\u00f6iseid suupisteid nautida,\u201c \u00fctleb Caroli.<\/p>\n<p>V\u00e4iksematele terrassidele sobivad sisekujundaja s\u00f5nul suurep\u00e4raselt kokkupandavad v\u00f5i virnastatavad toolid ja ratastega m\u00f6\u00f6bel, mida saab mugavalt vastavalt vajadusele liigutada. Kui \u00fckski asukoht ei paista toimivat, soovitab Heimonen julgelt katsetada, kuni \u00f5ige paigutust on leitud, kerge ilmastikukindel ajam\u00f6\u00f6bel liigub ju lihtsalt. Tasub meeles pidada, et terrassi kujundus ei ole kivisse raiutud ja hooajalised muutused on t\u00e4iesti loomulikud. Suvel v\u00f5ib n\u00e4iteks eelistada avatumat lahendust ja talvel m\u00f6\u00f6bliesemeid \u00fcksteisele l\u00e4hemale paigutada.<\/p>\n<p><a href=\"https:\/\/www.europesays.com\/ee\/wp-content\/uploads\/2025\/10\/Minu-IKEA-kodu-terrass-PARAST-4-Foto-IKEA.jpg\"><img loading=\"lazy\" decoding=\"async\" aria-describedby=\"caption-attachment-339794\" class=\"size-full wp-image-339794\" src=\"https:\/\/www.europesays.com\/ee\/wp-content\/uploads\/2025\/10\/Minu-IKEA-kodu-terrass-PARAST-4-Foto-IKEA.jpg\" alt=\"\" width=\"2048\" height=\"1365\"  \/><\/a><\/p>\n<p id=\"caption-attachment-339794\" class=\"wp-caption-text\">Terrass p\u00e4rast uuendust. Foto: IKEA<\/p>\n<p>Fredi ja Helena uue kujundusega terrassi \u00f5uekapist on grilltarvikud k\u00e4ep\u00e4rast alati v\u00f5tta spontaansete einete valmistamiseks ja t\u00e4nu panipaigaga diivanilauale on soojad pleedidki olemas, et termomeetril n\u00e4htavad viis kraadi \u00f5htus\u00f6\u00f6gi \u00f5ues nautimist ei takistaks. \u201eOle avatud,\u201c \u00fctleb Caroli. \u201eK\u00f5ige toredamad hetked ja m\u00e4lestused v\u00f5ivad s\u00fcndida otsusest supipott ja taldrikud tavalisel teisip\u00e4eval \u00f5ue t\u00f5sta.\u201c<\/p>\n<p><a href=\"https:\/\/www.europesays.com\/ee\/wp-content\/uploads\/2025\/10\/Minu-IKEA-kodu-terrass-PARAST-1-Foto-IKEA.jpg\"><img loading=\"lazy\" decoding=\"async\" aria-describedby=\"caption-attachment-339790\" class=\"size-full wp-image-339790\" src=\"https:\/\/www.europesays.com\/ee\/wp-content\/uploads\/2025\/10\/Minu-IKEA-kodu-terrass-PARAST-1-Foto-IKEA.jpg\" alt=\"\" width=\"2048\" height=\"1365\"  \/><\/a><\/p>\n<p id=\"caption-attachment-339790\" class=\"wp-caption-text\">Foto: IKEA<\/p>\n<p>Valgustid kujundavad meeleolu<\/p>\n<p>Terrassi kujundades tasub m\u00f5elda ka valgustitele. \u201eKui s\u00fc\u00fca hommikus\u00f6\u00f6ki enne p\u00e4ikeset\u00f5usu v\u00f5i nautida hilist \u00f5htueinet p\u00e4rast loojangut, muutub valgustus \u00fclioluliseks,\u201d \u00fctleb Caroli. \u201eJa pimedal ajal ei pruugi \u00fchest lambist v\u00f5i valgusallikast piisata. M\u00f5nusa \u00f5hkkonna loomiseks ja selleks, et terrassil oleks valge, soovitan kasutada v\u00e4hemalt kolme t\u00fc\u00fcpi valgusteid,\u201d lisab ta.<\/p>\n<blockquote class=\"blockquote-style-bubble\"><p>&#13;<\/p>\n<p>Kui s\u00fc\u00fca hommikus\u00f6\u00f6ki enne p\u00e4ikeset\u00f5usu v\u00f5i nautida hilist \u00f5htueinet p\u00e4rast loojangut, muutub valgustus \u00fclioluliseks.<\/p>\n<p>&#13;\n<\/p><\/blockquote>\n<p>Erinevaid valgusallikaid sai kombineeritud ka Fredi ja Helena terrassil:\u00a0p\u00e4ikeseenergial t\u00f6\u00f6tavad LED-valgusribad lae all loovad pehme taustavalgustuse, s\u00f6\u00f6gilaua kohale riputatud meeleoluvalgustid toovad fookuse \u00f5igesse kohta ning k\u00fc\u00fcnlad ja laternad lisavad hubasust.<\/p>\n<p><a href=\"https:\/\/www.europesays.com\/ee\/wp-content\/uploads\/2025\/10\/Minu-IKEA-kodu-terrass-PARAST-2-Foto-IKEA.jpg\"><img loading=\"lazy\" decoding=\"async\" aria-describedby=\"caption-attachment-339795\" class=\"size-full wp-image-339795\" src=\"https:\/\/www.europesays.com\/ee\/wp-content\/uploads\/2025\/10\/Minu-IKEA-kodu-terrass-PARAST-2-Foto-IKEA.jpg\" alt=\"\" width=\"2048\" height=\"1365\"  \/><\/a><\/p>\n<p id=\"caption-attachment-339795\" class=\"wp-caption-text\">Terrass p\u00e4rast uuendust. Foto: IKEA<\/p>\n<p>Rohelus teeb terrassi elavaks<\/p>\n<p>\u201eTaimed puhuvad terrassile elu sisse. Suviti saab siia tuua parajasti \u00f5itsvaid lilli, talvel igihaljaid taimi. Isegi kunsttaimed on parem valik kui taimede puudumine, sest rohelised taimed seovad terrassi visuaalselt aiaga,\u201d kinnitab sisekujundaja. Kui on soov v\u00e4\u00e4rtuslikku p\u00f5randapinda hoida m\u00f6\u00f6bli v\u00f5i inimeste jaoks hoida, saab lillepotid riputada lakke v\u00f5i t\u00f5sta riiulitele. Suuremaid taimi v\u00f5ib kasutada ruumijaotamisel ja maitsetaimed \u00fchendavad ilu praktilisusega.<\/p>\n<blockquote class=\"blockquote-style-quote-topline\"><p>&#13;<\/p>\n<p>Taimed puhuvad terrassile elu sisse. Suviti saab tuua \u00f5itsvaid lilli, talvel igihaljaid taimi. Isegi kunsttaimed on parem valik kui taimede puudumine, sest rohelised taimed seovad terrassi visuaalselt aiaga.<\/p>\n<p>&#13;\n<\/p><\/blockquote>\n<p>Meeleolu loomise oluliseks komponendiks on nii samuti v\u00e4rvivalik. Heledad toonid aitavad ruumi teha visuaalselt suuremaks, samal p\u00f5hjusel t\u00f5i Caroli Fredi ja Helena terrassile just heleda m\u00f6\u00f6bli. Erksav\u00e4rvilised detailid tekstiilidel lisavad tulemusele s\u00e4rtsu, kuid oluline on s\u00e4ilitada tasakaal.\u00a0K\u00f5ige t\u00e4htsam on aga muidugi see, et tulemus iseendale meeldiks.<\/p>\n<p><a href=\"https:\/\/www.europesays.com\/ee\/wp-content\/uploads\/2025\/10\/Minu-IKEA-kodu-terrass-PARAST-11-Foto-IKEA.jpg\"><img loading=\"lazy\" decoding=\"async\" aria-describedby=\"caption-attachment-339785\" class=\"size-full wp-image-339785\" src=\"https:\/\/www.europesays.com\/ee\/wp-content\/uploads\/2025\/10\/Minu-IKEA-kodu-terrass-PARAST-11-Foto-IKEA.jpg\" alt=\"\" width=\"1365\" height=\"2048\"  \/><\/a><\/p>\n<p id=\"caption-attachment-339785\" class=\"wp-caption-text\">Foto: IKEA<\/p>\n<p>Astu kastist v\u00e4lja<\/p>\n<p>Soovituste jagamisel terrassi v\u00e4rskendamisel r\u00f5hutab Caroli eriti aastaajaga kaasas k\u00e4imist, mitte sellele vastu t\u00f6\u00f6tamist. Jahedatel \u00f5htutel hoiavad s\u00f6\u00f6jaid soojas pehmed pleedid ja \u00f5ue sobivad vaibad loovad ehtsa s\u00f6\u00f6gitoas viibimise tunde, olgu selleks v\u00f5i terrassil peetud pidus\u00f6\u00f6k t\u00e4hevaatluse \u00f5htuteni v\u00e4lja.<\/p>\n<p><a href=\"https:\/\/www.europesays.com\/ee\/wp-content\/uploads\/2025\/10\/Minu-IKEA-kodu-terrass-PARAST-7-Foto-IKEA.jpg\"><img loading=\"lazy\" decoding=\"async\" aria-describedby=\"caption-attachment-339796\" class=\"size-full wp-image-339796\" src=\"https:\/\/www.europesays.com\/ee\/wp-content\/uploads\/2025\/10\/Minu-IKEA-kodu-terrass-PARAST-7-Foto-IKEA.jpg\" alt=\"\" width=\"2048\" height=\"1365\"  \/><\/a><\/p>\n<p id=\"caption-attachment-339796\" class=\"wp-caption-text\">Terrass p\u00e4rast uuendust. Foto: IKEA<\/p>\n<blockquote class=\"blockquote-style-bar-left\"><p>&#13;<\/p>\n<p>\u00c4ra m\u00f5tle oma terrassist kui ainult suvisest paigast, vaid vaata seda kui v\u00f5imalust v\u00e4ikeseks seikluseks.<\/p>\n<p>&#13;\n<\/p><\/blockquote>\n<p>\u201eL\u00f5ppkokkuv\u00f5ttes on k\u00f5ige olulisem muutus vaimne,\u201d \u00fctleb Caroli l\u00f5petuseks. \u201e\u00c4ra m\u00f5tle oma terrassist kui ainult suvisest paigast, vaid vaata seda kui v\u00f5imalust v\u00e4ikeseks seikluseks. Olgu selleks hommikune puder septembrip\u00e4ikese all v\u00f5i \u00f5htus\u00f6\u00f6k novembriudus \u2013 ebatavalisel ajal v\u00e4ljas s\u00f6\u00f6mine loob m\u00e4lestusi, millele siseruumides einetamisel on raske midagi vastu panna.<\/p>\n","protected":false},"excerpt":{"rendered":"Ilmade k\u00fclmenedes p\u00f5genevad Eesti pered \u00f5uest tuppa, j\u00e4ttes terrassid ootama kevade saabumist. Vahel v\u00f5ib siiski m\u00f5nus s\u00fcgisene l\u00f5unas\u00f6\u00f6gi&hellip;\n","protected":false},"author":2,"featured_media":24347,"comment_status":"","ping_status":"","sticky":false,"template":"","format":"standard","meta":{"footnotes":""},"categories":[16],"tags":[37,33,35,173,34,36,140],"class_list":{"0":"post-24346","1":"post","2":"type-post","3":"status-publish","4":"format-standard","5":"has-post-thumbnail","7":"category-meelelahutus","8":"tag-ee","9":"tag-eesti","10":"tag-eesti-keel","11":"tag-entertainment","12":"tag-estonia","13":"tag-estonian","14":"tag-meelelahutus"},"share_on_mastodon":{"url":"","error":""},"_links":{"self":[{"href":"https:\/\/www.europesays.com\/ee\/wp-json\/wp\/v2\/posts\/24346","targetHints":{"allow":["GET"]}}],"collection":[{"href":"https:\/\/www.europesays.com\/ee\/wp-json\/wp\/v2\/posts"}],"about":[{"href":"https:\/\/www.europesays.com\/ee\/wp-json\/wp\/v2\/types\/post"}],"author":[{"embeddable":true,"href":"https:\/\/www.europesays.com\/ee\/wp-json\/wp\/v2\/users\/2"}],"replies":[{"embeddable":true,"href":"https:\/\/www.europesays.com\/ee\/wp-json\/wp\/v2\/comments?post=24346"}],"version-history":[{"count":0,"href":"https:\/\/www.europesays.com\/ee\/wp-json\/wp\/v2\/posts\/24346\/revisions"}],"wp:featuredmedia":[{"embeddable":true,"href":"https:\/\/www.europesays.com\/ee\/wp-json\/wp\/v2\/media\/24347"}],"wp:attachment":[{"href":"https:\/\/www.europesays.com\/ee\/wp-json\/wp\/v2\/media?parent=24346"}],"wp:term":[{"taxonomy":"category","embeddable":true,"href":"https:\/\/www.europesays.com\/ee\/wp-json\/wp\/v2\/categories?post=24346"},{"taxonomy":"post_tag","embeddable":true,"href":"https:\/\/www.europesays.com\/ee\/wp-json\/wp\/v2\/tags?post=24346"}],"curies":[{"name":"wp","href":"https:\/\/api.w.org\/{rel}","templated":true}]}}