{"id":243559,"date":"2026-08-03T17:33:43","date_gmt":"2026-08-03T17:33:43","guid":{"rendered":"https:\/\/www.europesays.com\/ee\/243559\/"},"modified":"2026-08-03T17:33:43","modified_gmt":"2026-08-03T17:33:43","slug":"eestis-katku-ei-tuvastatud-kull-aga-joudis-see-soome","status":"publish","type":"post","link":"https:\/\/www.europesays.com\/ee\/243559\/","title":{"rendered":"Eestis katku ei tuvastatud, k\u00fcll aga j\u00f5udis see Soome"},"content":{"rendered":"<p>            <a href=\"https:\/\/www.europesays.com\/ee\/wp-content\/uploads\/2026\/08\/soome-SAK.png\" data-caption=\"SAK-i leiukoht Soomes. Kaart: PTA\"><img loading=\"lazy\" decoding=\"async\" width=\"1433\" height=\"495\" class=\"entry-thumb td-modal-image\" src=\"https:\/\/www.europesays.com\/ee\/wp-content\/uploads\/2026\/08\/soome-SAK.png\"   alt=\"\" title=\"soome SAK\"\/><\/a>SAK-i leiukoht Soomes. Kaart: PTA<\/p>\n<p>Eestis m\u00f6\u00f6dunud n\u00e4dalal seakatku ei tuvastatud, k\u00fcll aga sai haigusega pihta Soome.<\/p>\n<p>27. juulist 2. augustini teavitas\u00a0Soome esmakordselt sigade Aafrika katku leiust. Umbes 1,3 km kaugusel Venemaa piirist Virolahtis metsast leidis kohalik elanik surnult kaks metssea p\u00f5rsast (\u00fcks v\u00e4rkse korjus ja teisest j\u00e4rel ainult luud). Nendel avastati sigade Aafrika katk.<\/p>\n<p>Paarisaja meetri kaugusel leiti ka pikk metssea luu, mis oli samuti sigade Aafrika katku suhtes positiivne.<\/p>\n<p>Ka L\u00e4tis oli m\u00f6\u00f6dunud n\u00e4dalal 16 katkujuhtumit metssigadel. Kogu Euroopas aga oli samal perioodil 132 katkujuhtumit metssigade hulgas. K\u00f5ige rohkem teavitusi tegi Itaalia.<\/p>\n<p>SAKi olukorra info Eestis on leitav <a href=\"https:\/\/pta.agri.ee\/sigade-aafrika-katk\" target=\"_blank\" rel=\"noopener nofollow\">P\u00f5llumajandus- ja Toiduameti kodulehel<\/a>.<\/p>\n","protected":false},"excerpt":{"rendered":"SAK-i leiukoht Soomes. Kaart: PTA Eestis m\u00f6\u00f6dunud n\u00e4dalal seakatku ei tuvastatud, k\u00fcll aga sai haigusega pihta Soome. 27.&hellip;\n","protected":false},"author":2,"featured_media":243560,"comment_status":"","ping_status":"","sticky":false,"template":"","format":"standard","meta":{"footnotes":"","_share_on_mastodon":"0"},"categories":[12],"tags":[26,27,37,33,35,34,36,112,31,32,21,28,29,114,19,25,6768,5463,1397,113,23,24,22,7656,20,30],"class_list":["post-243559","post","type-post","status-publish","format-standard","has-post-thumbnail","category-eesti","tag-breaking-news","tag-breakingnews","tag-ee","tag-eesti","tag-eesti-keel","tag-estonia","tag-estonian","tag-euroopa","tag-featured-news","tag-featurednews","tag-headlines","tag-latest-news","tag-latestnews","tag-lati","tag-news","tag-populaarseimad-lood","tag-sak","tag-seakatk","tag-sigade-aafrika-katk","tag-soome","tag-top-stories","tag-topstories","tag-uldised-uudised","tag-ulukihaigus","tag-uudised","tag-viimased-uudised"],"share_on_mastodon":{"url":"https:\/\/pubeurope.com\/@ee\/117032780400043078","error":""},"_links":{"self":[{"href":"https:\/\/www.europesays.com\/ee\/wp-json\/wp\/v2\/posts\/243559","targetHints":{"allow":["GET"]}}],"collection":[{"href":"https:\/\/www.europesays.com\/ee\/wp-json\/wp\/v2\/posts"}],"about":[{"href":"https:\/\/www.europesays.com\/ee\/wp-json\/wp\/v2\/types\/post"}],"author":[{"embeddable":true,"href":"https:\/\/www.europesays.com\/ee\/wp-json\/wp\/v2\/users\/2"}],"replies":[{"embeddable":true,"href":"https:\/\/www.europesays.com\/ee\/wp-json\/wp\/v2\/comments?post=243559"}],"version-history":[{"count":0,"href":"https:\/\/www.europesays.com\/ee\/wp-json\/wp\/v2\/posts\/243559\/revisions"}],"wp:featuredmedia":[{"embeddable":true,"href":"https:\/\/www.europesays.com\/ee\/wp-json\/wp\/v2\/media\/243560"}],"wp:attachment":[{"href":"https:\/\/www.europesays.com\/ee\/wp-json\/wp\/v2\/media?parent=243559"}],"wp:term":[{"taxonomy":"category","embeddable":true,"href":"https:\/\/www.europesays.com\/ee\/wp-json\/wp\/v2\/categories?post=243559"},{"taxonomy":"post_tag","embeddable":true,"href":"https:\/\/www.europesays.com\/ee\/wp-json\/wp\/v2\/tags?post=243559"}],"curies":[{"name":"wp","href":"https:\/\/api.w.org\/{rel}","templated":true}]}}