{"id":243589,"date":"2026-08-03T18:28:08","date_gmt":"2026-08-03T18:28:08","guid":{"rendered":"https:\/\/www.europesays.com\/ee\/243589\/"},"modified":"2026-08-03T18:28:08","modified_gmt":"2026-08-03T18:28:08","slug":"erik-plakso-%e2%9f%a9-iraan-on-suutnud-panna-maailma-uskuma-et-on-voitmas","status":"publish","type":"post","link":"https:\/\/www.europesays.com\/ee\/243589\/","title":{"rendered":"ERIK PLAKSO \u27e9 Iraan on suutnud panna maailma uskuma, et on v\u00f5itmas"},"content":{"rendered":"<p>28. veebruari hommik muutis maailma. USA ja Iisrael alustasid \u00fchist r\u00fcnnakut Iraani Islamivabariigi vastu, kuid praeguseks on s\u00f5da vinduma j\u00e4\u00e4nud ning edukast algusest hoolimata s\u00f5dib Iraani Islamivabariik endiselt USA ja Iisraeliga \u00f5hus ja merel. P\u00e4rast kuid kestnud s\u00f5da on hakanud levima arusaam, et Iraan on s\u00f5da isegi v\u00f5itmas, kirjutab Tartu \u00dclikooli ajalootudeng Erik Plakso.<\/p>\n","protected":false},"excerpt":{"rendered":"28. veebruari hommik muutis maailma. USA ja Iisrael alustasid \u00fchist r\u00fcnnakut Iraani Islamivabariigi vastu, kuid praeguseks on s\u00f5da&hellip;\n","protected":false},"author":2,"featured_media":243590,"comment_status":"","ping_status":"","sticky":false,"template":"","format":"standard","meta":{"footnotes":"","_share_on_mastodon":"0"},"categories":[80],"tags":[37105,587,26,27,324,37,33,35,34,36,31,32,21,46527,619,1925,28,29,95,19,25,23,24,22,58635,20,30,92,93,94],"class_list":["post-243589","post","type-post","status-publish","format-standard","has-post-thumbnail","category-maailm","tag-ali-khamenei","tag-ameerika-uhendriigid","tag-breaking-news","tag-breakingnews","tag-donald-trump","tag-ee","tag-eesti","tag-eesti-keel","tag-estonia","tag-estonian","tag-featured-news","tag-featurednews","tag-headlines","tag-hormuzi-vain","tag-iisrael","tag-iraan","tag-latest-news","tag-latestnews","tag-maailm","tag-news","tag-populaarseimad-lood","tag-top-stories","tag-topstories","tag-uldised-uudised","tag-usa-iraani-soda","tag-uudised","tag-viimased-uudised","tag-world","tag-world-news","tag-worldnews"],"share_on_mastodon":{"url":"https:\/\/pubeurope.com\/@ee\/117032996467548413","error":""},"_links":{"self":[{"href":"https:\/\/www.europesays.com\/ee\/wp-json\/wp\/v2\/posts\/243589","targetHints":{"allow":["GET"]}}],"collection":[{"href":"https:\/\/www.europesays.com\/ee\/wp-json\/wp\/v2\/posts"}],"about":[{"href":"https:\/\/www.europesays.com\/ee\/wp-json\/wp\/v2\/types\/post"}],"author":[{"embeddable":true,"href":"https:\/\/www.europesays.com\/ee\/wp-json\/wp\/v2\/users\/2"}],"replies":[{"embeddable":true,"href":"https:\/\/www.europesays.com\/ee\/wp-json\/wp\/v2\/comments?post=243589"}],"version-history":[{"count":0,"href":"https:\/\/www.europesays.com\/ee\/wp-json\/wp\/v2\/posts\/243589\/revisions"}],"wp:featuredmedia":[{"embeddable":true,"href":"https:\/\/www.europesays.com\/ee\/wp-json\/wp\/v2\/media\/243590"}],"wp:attachment":[{"href":"https:\/\/www.europesays.com\/ee\/wp-json\/wp\/v2\/media?parent=243589"}],"wp:term":[{"taxonomy":"category","embeddable":true,"href":"https:\/\/www.europesays.com\/ee\/wp-json\/wp\/v2\/categories?post=243589"},{"taxonomy":"post_tag","embeddable":true,"href":"https:\/\/www.europesays.com\/ee\/wp-json\/wp\/v2\/tags?post=243589"}],"curies":[{"name":"wp","href":"https:\/\/api.w.org\/{rel}","templated":true}]}}