{"id":243591,"date":"2026-08-03T18:38:17","date_gmt":"2026-08-03T18:38:17","guid":{"rendered":"https:\/\/www.europesays.com\/ee\/243591\/"},"modified":"2026-08-03T18:38:17","modified_gmt":"2026-08-03T18:38:17","slug":"tark-teada-%e2%9f%a9-mida-teha-madanema-lainud-maasikatega-et-need-ei-muutuks-lihtsalt-prugiks","status":"publish","type":"post","link":"https:\/\/www.europesays.com\/ee\/243591\/","title":{"rendered":"TARK TEADA \u27e9 Mida teha m\u00e4danema l\u00e4inud maasikatega, et need ei muutuks lihtsalt pr\u00fcgiks?"},"content":{"rendered":"<p class=\"MsoNormal\">Kuigi pr\u00fcgisorteermise osas l\u00e4hevad asjad j\u00e4rjest paremaks ja ka kompostihunnikud ei ole maapiirkondades mingi haruldane n\u00e4htus, siis tehnoloogia areng v\u00f5imaldab kaaluda ka teisi alternatiive. Viimastel aastatel on turule j\u00f5udnud mitmeid seadmeid, mis v\u00f5imaldavad bioj\u00e4\u00e4tmeid t\u00f6\u00f6delda juba nende tekkekohas ehk koduk\u00f6\u00f6gis.<\/p>\n<p class=\"MsoNormal\">\u00bbK\u00f5ige suurem osa toiduj\u00e4\u00e4tmetest tekib just kodumajapidamistes, aga kui toitu \u00e4ra visata, ei l\u00e4he raisku ainult toit ise. Kaotsi l\u00e4hevad ka selle kasvatamiseks, tootmiseks, pakendamiseks ja transportimiseks kulunud ressursid ning raha,\u00bb r\u00e4\u00e4kis FoodCycler Eesti tootejuht Aet Soonvald.<\/p>\n<p class=\"MsoNormal\">Probleem ei puuduta ainult Eestit. Eurostati andmetel tekib Euroopa Liidus inimese kohta keskmiselt umbes 130 kilogrammi toiduj\u00e4\u00e4tmeid aastas ning \u00fcle poole sellest p\u00e4rineb kodudest.<\/p>\n<p class=\"MsoNormal\">Komposter, kompostihunnik ja bioj\u00e4\u00e4tmete \u00fcmbert\u00f6\u00f6tleja<\/p>\n<p class=\"MsoNormal\">Bioj\u00e4\u00e4tmete taaskasutamiseks on kolm peamist v\u00f5imalust. Eramajades on v\u00f5imalik visata riknenud toidukraam lihtsalt kompostihunnikusse. Suurem osa koduk\u00f6\u00f6ke mahutavad \u00e4ra komposterid, mille toimemehhanismiks on samuti looduslik protsess, kus bakterid, mikroorganismid ja ens\u00fc\u00fcmid ajapikku bioj\u00e4\u00e4tmed lagundavad. Kolmandaks v\u00f5imaluseks on v\u00f5tta kasutusele bioj\u00e4\u00e4tmeid \u00fcmber t\u00f6\u00f6tlev seade, mille t\u00f6\u00f6 tulemuseks ei ole kompost traditsioonilises m\u00f5ttes, vaid toitaineterikas materjal, mida saab kasutada n\u00e4iteks aia- v\u00f5i toataimede mulla rikastamiseks.<\/p>\n<p class=\"MsoNormal\">\u00abN\u00e4iteks n\u00fc\u00fcd Eestiski saadaval FoodCycler on seade, mis kuivatab ja peenestab bioj\u00e4\u00e4tmed. Seadme purustuss\u00fcsteem suudab t\u00f6\u00f6delda pea k\u00f5iki tavap\u00e4raseid k\u00f6\u00f6gis tekkivaid bioj\u00e4\u00e4tmeid ning muuta need m\u00f5ne tunniga kuivaks peeneks l\u00f5hnavabaks massiks. Selle tulemusel v\u00e4heneb j\u00e4\u00e4tmete maht m\u00e4rkimisv\u00e4\u00e4rselt ning neid on lihtne ringlusesse saata,\u00bb kirjeldas Soonvald.<\/p>\n","protected":false},"excerpt":{"rendered":"Kuigi pr\u00fcgisorteermise osas l\u00e4hevad asjad j\u00e4rjest paremaks ja ka kompostihunnikud ei ole maapiirkondades mingi haruldane n\u00e4htus, siis tehnoloogia&hellip;\n","protected":false},"author":2,"featured_media":243592,"comment_status":"","ping_status":"","sticky":false,"template":"","format":"standard","meta":{"footnotes":"","_share_on_mastodon":"0"},"categories":[18],"tags":[13042,37,33,35,34,36,45969,159,158,5996,34723],"class_list":["post-243591","post","type-post","status-publish","format-standard","has-post-thumbnail","category-sport","tag-biojaatmed","tag-ee","tag-eesti","tag-eesti-keel","tag-estonia","tag-estonian","tag-kompostimine","tag-sport","tag-sports","tag-toidujaatmed","tag-toiduraiskamine"],"share_on_mastodon":{"url":"https:\/\/pubeurope.com\/@ee\/117033035767582938","error":""},"_links":{"self":[{"href":"https:\/\/www.europesays.com\/ee\/wp-json\/wp\/v2\/posts\/243591","targetHints":{"allow":["GET"]}}],"collection":[{"href":"https:\/\/www.europesays.com\/ee\/wp-json\/wp\/v2\/posts"}],"about":[{"href":"https:\/\/www.europesays.com\/ee\/wp-json\/wp\/v2\/types\/post"}],"author":[{"embeddable":true,"href":"https:\/\/www.europesays.com\/ee\/wp-json\/wp\/v2\/users\/2"}],"replies":[{"embeddable":true,"href":"https:\/\/www.europesays.com\/ee\/wp-json\/wp\/v2\/comments?post=243591"}],"version-history":[{"count":0,"href":"https:\/\/www.europesays.com\/ee\/wp-json\/wp\/v2\/posts\/243591\/revisions"}],"wp:featuredmedia":[{"embeddable":true,"href":"https:\/\/www.europesays.com\/ee\/wp-json\/wp\/v2\/media\/243592"}],"wp:attachment":[{"href":"https:\/\/www.europesays.com\/ee\/wp-json\/wp\/v2\/media?parent=243591"}],"wp:term":[{"taxonomy":"category","embeddable":true,"href":"https:\/\/www.europesays.com\/ee\/wp-json\/wp\/v2\/categories?post=243591"},{"taxonomy":"post_tag","embeddable":true,"href":"https:\/\/www.europesays.com\/ee\/wp-json\/wp\/v2\/tags?post=243591"}],"curies":[{"name":"wp","href":"https:\/\/api.w.org\/{rel}","templated":true}]}}