{"id":243663,"date":"2026-08-03T20:21:13","date_gmt":"2026-08-03T20:21:13","guid":{"rendered":"https:\/\/www.europesays.com\/ee\/243663\/"},"modified":"2026-08-03T20:21:13","modified_gmt":"2026-08-03T20:21:13","slug":"evelyn-parv-miks-tootute-eesti-noorte-armee-ja-head-tookohad-mitte-kuidagi-kokku-ei-saa-kusimus-tooandjatele-2","status":"publish","type":"post","link":"https:\/\/www.europesays.com\/ee\/243663\/","title":{"rendered":"Evelyn Parv: miks t\u00f6\u00f6tute Eesti noorte armee ja head t\u00f6\u00f6kohad mitte kuidagi kokku ei saa &#8211; k\u00fcsimus t\u00f6\u00f6andjatele"},"content":{"rendered":"<p><img decoding=\"async\" src=\"https:\/\/www.europesays.com\/ee\/wp-content\/uploads\/2026\/08\/1785788473_879_ff0628b3-8457-4dd3-9172-cc61f08784fb.jpg\" loading=\"lazy\" alt=\"Kui r\u00e4\u00e4gime noorte t\u00f6\u00f6turule j\u00f5udmisest, keskendume enamasti sellele, mida peaksid tegema koolid v\u00f5i noored ise. Palju harvem k\u00fcsitakse, mida saavad teha t\u00f6\u00f6andjad.\"\/><\/p>\n<p>Kui r\u00e4\u00e4gime noorte t\u00f6\u00f6turule j\u00f5udmisest, keskendume enamasti sellele, mida peaksid tegema koolid v\u00f5i noored ise. Palju harvem k\u00fcsitakse, mida saavad teha t\u00f6\u00f6andjad.<\/p>\n<p>FOTO: tsyhunMaido Parv| Shutterstock, Eesti T\u00f6\u00f6andjate Keskliit<\/p>\n<p>Eestis valitseb paradoksaalne olukord. Ettev\u00f5tted r\u00e4\u00e4givad \u00fcha teravamast oskust\u00f6\u00f6j\u00f5u puudusest, samal ajal on noorte t\u00f6\u00f6tus Eestis endiselt Euroopa k\u00f5rgemate seas. Meil on korraga nii noored, kes otsivad oma esimest v\u00f5imalust, kui ka <a rel=\"noopener nofollow\" target=\"_blank\" href=\"https:\/\/www.delfi.ee\/teema\/56818348\/tooandjad\" tag-id=\"56818348\">t\u00f6\u00f6andjad<\/a>, kes otsivad t\u00f6\u00f6tajaid.<\/p>\n","protected":false},"excerpt":{"rendered":"Kui r\u00e4\u00e4gime noorte t\u00f6\u00f6turule j\u00f5udmisest, keskendume enamasti sellele, mida peaksid tegema koolid v\u00f5i noored ise. Palju harvem k\u00fcsitakse,&hellip;\n","protected":false},"author":2,"featured_media":243664,"comment_status":"","ping_status":"","sticky":false,"template":"","format":"standard","meta":{"footnotes":"","_share_on_mastodon":"0"},"categories":[12],"tags":[26,27,37,33,35,34,36,31,32,21,28,29,19,25,35335,96281,2808,2161,23,24,22,20,1932,30],"class_list":["post-243663","post","type-post","status-publish","format-standard","has-post-thumbnail","category-eesti","tag-breaking-news","tag-breakingnews","tag-ee","tag-eesti","tag-eesti-keel","tag-estonia","tag-estonian","tag-featured-news","tag-featurednews","tag-headlines","tag-latest-news","tag-latestnews","tag-news","tag-populaarseimad-lood","tag-praktika","tag-praktikaprogramm","tag-tooandjad","tag-tooturg","tag-top-stories","tag-topstories","tag-uldised-uudised","tag-uudised","tag-varbamine","tag-viimased-uudised"],"share_on_mastodon":{"url":"https:\/\/pubeurope.com\/@ee\/117033441120169321","error":""},"_links":{"self":[{"href":"https:\/\/www.europesays.com\/ee\/wp-json\/wp\/v2\/posts\/243663","targetHints":{"allow":["GET"]}}],"collection":[{"href":"https:\/\/www.europesays.com\/ee\/wp-json\/wp\/v2\/posts"}],"about":[{"href":"https:\/\/www.europesays.com\/ee\/wp-json\/wp\/v2\/types\/post"}],"author":[{"embeddable":true,"href":"https:\/\/www.europesays.com\/ee\/wp-json\/wp\/v2\/users\/2"}],"replies":[{"embeddable":true,"href":"https:\/\/www.europesays.com\/ee\/wp-json\/wp\/v2\/comments?post=243663"}],"version-history":[{"count":0,"href":"https:\/\/www.europesays.com\/ee\/wp-json\/wp\/v2\/posts\/243663\/revisions"}],"wp:featuredmedia":[{"embeddable":true,"href":"https:\/\/www.europesays.com\/ee\/wp-json\/wp\/v2\/media\/243664"}],"wp:attachment":[{"href":"https:\/\/www.europesays.com\/ee\/wp-json\/wp\/v2\/media?parent=243663"}],"wp:term":[{"taxonomy":"category","embeddable":true,"href":"https:\/\/www.europesays.com\/ee\/wp-json\/wp\/v2\/categories?post=243663"},{"taxonomy":"post_tag","embeddable":true,"href":"https:\/\/www.europesays.com\/ee\/wp-json\/wp\/v2\/tags?post=243663"}],"curies":[{"name":"wp","href":"https:\/\/api.w.org\/{rel}","templated":true}]}}