{"id":243769,"date":"2026-08-04T02:19:13","date_gmt":"2026-08-04T02:19:13","guid":{"rendered":"https:\/\/www.europesays.com\/ee\/243769\/"},"modified":"2026-08-04T02:19:13","modified_gmt":"2026-08-04T02:19:13","slug":"koroonavandenoud-koguvad-uut-hoogu-vabariiklased-uritavad-valitsuse-tervisenouandjat-vangi-saata","status":"publish","type":"post","link":"https:\/\/www.europesays.com\/ee\/243769\/","title":{"rendered":"Koroonavanden\u00f5ud koguvad uut hoogu. Vabariiklased \u00fcritavad valitsuse tervisen\u00f5uandjat vangi saata"},"content":{"rendered":"<p>N\u00fc\u00fcdseks 85-aastane teadlane ja immunoloog Anthony Fauci oli aastail 2021\u20132022 \u00fcks tuntumaid ameeriklasi. COVID-19 ajal kuulus ta Valge Maja <a rel=\"noopener nofollow\" target=\"_blank\" href=\"https:\/\/www.delfi.ee\/teema\/88761335\/koroonaviirus\" tag-id=\"88761335\">koroonaviiruse<\/a> t\u00f6\u00f6r\u00fchma ja oli avalikkuse jaoks \u00fcks peamisi valitsuse tervises\u00f5numite edastajaid. Nagu meie Irja Lutsar, kes oma ala asjatundjana oli valitsuskomisjoni teadusn\u00f5ukogu esimees ja edastas avalikkusele k\u00f5iki kodanikke puudutavaid COVID-19 leviku piiramise otsuseid. Mitte et kumbki oleks neid otsuseid isiklikult teinud. <\/p>\n<p>Fauci t\u00f6\u00f6tas esmalt vabariiklase <a rel=\"noopener nofollow\" target=\"_blank\" href=\"https:\/\/www.delfi.ee\/teema\/32758637\/donald-trump\" tag-id=\"32758637\">Donald Trumpi<\/a> administratsioonis ja seej\u00e4rel 2022. aastani demokraadist Joe Bideni peamise meditsiinin\u00f5unikuna. Kui alguses oli tema ja Trumpi l\u00e4bisaamine hea, siis hiljem see muutus. Trumpi kaaskonda kuulusid paljud vanden\u00f5uteoreetikud, kelle arvates andis Fauci pandeemia ajal kaheldava v\u00e4\u00e4rtusega n\u00f5u. <\/p>\n<p><a href=\"https:\/\/www.delfi.ee\/artikkel\/120601310\/koroonavandenoud-koguvad-uut-hoogu-vabariiklased-uritavad-valitsuse-tervisenouandjat-vangi-saata\/kommentaarid\" class=\"article-body-bottom__comment article-body-bottom__comment--write button button--primary button--size-auto\" rel=\"nofollow noopener\" target=\"_blank\"> Kommenteeri <\/a><a href=\"https:\/\/www.delfi.ee\/artikkel\/120601310\/koroonavandenoud-koguvad-uut-hoogu-vabariiklased-uritavad-valitsuse-tervisenouandjat-vangi-saata\/kommentaarid\" class=\"article-body-bottom__comment article-body-bottom__comment--read button button--size-auto\" rel=\"nofollow noopener\" target=\"_blank\"> Loe kommentaare <\/a><\/p>\n","protected":false},"excerpt":{"rendered":"N\u00fc\u00fcdseks 85-aastane teadlane ja immunoloog Anthony Fauci oli aastail 2021\u20132022 \u00fcks tuntumaid ameeriklasi. COVID-19 ajal kuulus ta Valge&hellip;\n","protected":false},"author":2,"featured_media":243770,"comment_status":"","ping_status":"","sticky":false,"template":"","format":"standard","meta":{"footnotes":"","_share_on_mastodon":"0"},"categories":[80],"tags":[587,32287,26,27,6963,7891,324,37,33,35,34,36,31,32,21,6138,96379,154,28,29,95,19,25,96380,23,24,22,325,10260,20,30,92,93,94],"class_list":["post-243769","post","type-post","status-publish","format-standard","has-post-thumbnail","category-maailm","tag-ameerika-uhendriigid","tag-anthony-fauci","tag-breaking-news","tag-breakingnews","tag-covid","tag-covid-19","tag-donald-trump","tag-ee","tag-eesti","tag-eesti-keel","tag-estonia","tag-estonian","tag-featured-news","tag-featurednews","tag-headlines","tag-john-f-kennedy","tag-john-f-kennedy-juunior","tag-koroonaviirus","tag-latest-news","tag-latestnews","tag-maailm","tag-news","tag-populaarseimad-lood","tag-rand-paul","tag-top-stories","tag-topstories","tag-uldised-uudised","tag-usa","tag-usa-senat","tag-uudised","tag-viimased-uudised","tag-world","tag-world-news","tag-worldnews"],"share_on_mastodon":{"url":"","error":"Validation failed: Text character limit of 500 exceeded"},"_links":{"self":[{"href":"https:\/\/www.europesays.com\/ee\/wp-json\/wp\/v2\/posts\/243769","targetHints":{"allow":["GET"]}}],"collection":[{"href":"https:\/\/www.europesays.com\/ee\/wp-json\/wp\/v2\/posts"}],"about":[{"href":"https:\/\/www.europesays.com\/ee\/wp-json\/wp\/v2\/types\/post"}],"author":[{"embeddable":true,"href":"https:\/\/www.europesays.com\/ee\/wp-json\/wp\/v2\/users\/2"}],"replies":[{"embeddable":true,"href":"https:\/\/www.europesays.com\/ee\/wp-json\/wp\/v2\/comments?post=243769"}],"version-history":[{"count":0,"href":"https:\/\/www.europesays.com\/ee\/wp-json\/wp\/v2\/posts\/243769\/revisions"}],"wp:featuredmedia":[{"embeddable":true,"href":"https:\/\/www.europesays.com\/ee\/wp-json\/wp\/v2\/media\/243770"}],"wp:attachment":[{"href":"https:\/\/www.europesays.com\/ee\/wp-json\/wp\/v2\/media?parent=243769"}],"wp:term":[{"taxonomy":"category","embeddable":true,"href":"https:\/\/www.europesays.com\/ee\/wp-json\/wp\/v2\/categories?post=243769"},{"taxonomy":"post_tag","embeddable":true,"href":"https:\/\/www.europesays.com\/ee\/wp-json\/wp\/v2\/tags?post=243769"}],"curies":[{"name":"wp","href":"https:\/\/api.w.org\/{rel}","templated":true}]}}