{"id":243855,"date":"2026-08-04T06:11:08","date_gmt":"2026-08-04T06:11:08","guid":{"rendered":"https:\/\/www.europesays.com\/ee\/243855\/"},"modified":"2026-08-04T06:11:08","modified_gmt":"2026-08-04T06:11:08","slug":"venemaa-rundas-ukrainas-sumot-ja-mokolajivit-kokku-hukkus-neli-inimest","status":"publish","type":"post","link":"https:\/\/www.europesays.com\/ee\/243855\/","title":{"rendered":"Venemaa r\u00fcndas Ukrainas Sum\u00f5t ja M\u00f5kolajivit. Kokku hukkus neli inimest"},"content":{"rendered":"<p>Sum\u00f5s r\u00fcnnati liugpommidega tsiviiltaristut, mille tagaj\u00e4rjel hukkusid kaks t\u00fcdrukut vanuses 5 ja 10 aastat ning eakas naine. Veel neli inimest vajas arstiabi, teatas oblasti s\u00f5jaadministratsiooni juht Oleh Hr\u00f5horov.<\/p>\n<p>Vene v\u00e4ed heitsid Sum\u00f5le kuus liugpommi, mis kukkusid tsiviiltaristule.<\/p>\n<p>\u00d5hut\u00f5rje teatel \u00f5nnestus veel kaks pommi alla tulistada.<\/p>\n<p>Kahjustada said elu- ja mitteeluhooned.<\/p>\n<p>M\u00f5kolajivis hukkus 89-aastane naine ja kannatada sai seitse inimest, teatas M\u00f5kolajivi oblasti s\u00f5jaadministratsiooni juht Heorhi Re\u0161etilov.<\/p>\n<p>Kannatada sai kaks t\u00fcdrukut vanuses 2 ja 12 aastat, kes viidi haiglasse.<\/p>\n<p>Kuidas see lugu Sind end tundma pani? Saada <\/p>\n","protected":false},"excerpt":{"rendered":"Sum\u00f5s r\u00fcnnati liugpommidega tsiviiltaristut, mille tagaj\u00e4rjel hukkusid kaks t\u00fcdrukut vanuses 5 ja 10 aastat ning eakas naine. Veel&hellip;\n","protected":false},"author":2,"featured_media":243856,"comment_status":"","ping_status":"","sticky":false,"template":"","format":"standard","meta":{"footnotes":"","_share_on_mastodon":"0"},"categories":[80],"tags":[26,27,37,33,35,34,36,31,32,21,28,29,95,16249,19,25,107,1840,23,24,262,22,20,96,30,92,93,94],"class_list":["post-243855","post","type-post","status-publish","format-standard","has-post-thumbnail","category-maailm","tag-breaking-news","tag-breakingnews","tag-ee","tag-eesti","tag-eesti-keel","tag-estonia","tag-estonian","tag-featured-news","tag-featurednews","tag-headlines","tag-latest-news","tag-latestnews","tag-maailm","tag-mokolajiv","tag-news","tag-populaarseimad-lood","tag-soda-ukrainas","tag-sumo","tag-top-stories","tag-topstories","tag-ukraina","tag-uldised-uudised","tag-uudised","tag-venemaa","tag-viimased-uudised","tag-world","tag-world-news","tag-worldnews"],"share_on_mastodon":{"url":"","error":""},"_links":{"self":[{"href":"https:\/\/www.europesays.com\/ee\/wp-json\/wp\/v2\/posts\/243855","targetHints":{"allow":["GET"]}}],"collection":[{"href":"https:\/\/www.europesays.com\/ee\/wp-json\/wp\/v2\/posts"}],"about":[{"href":"https:\/\/www.europesays.com\/ee\/wp-json\/wp\/v2\/types\/post"}],"author":[{"embeddable":true,"href":"https:\/\/www.europesays.com\/ee\/wp-json\/wp\/v2\/users\/2"}],"replies":[{"embeddable":true,"href":"https:\/\/www.europesays.com\/ee\/wp-json\/wp\/v2\/comments?post=243855"}],"version-history":[{"count":0,"href":"https:\/\/www.europesays.com\/ee\/wp-json\/wp\/v2\/posts\/243855\/revisions"}],"wp:featuredmedia":[{"embeddable":true,"href":"https:\/\/www.europesays.com\/ee\/wp-json\/wp\/v2\/media\/243856"}],"wp:attachment":[{"href":"https:\/\/www.europesays.com\/ee\/wp-json\/wp\/v2\/media?parent=243855"}],"wp:term":[{"taxonomy":"category","embeddable":true,"href":"https:\/\/www.europesays.com\/ee\/wp-json\/wp\/v2\/categories?post=243855"},{"taxonomy":"post_tag","embeddable":true,"href":"https:\/\/www.europesays.com\/ee\/wp-json\/wp\/v2\/tags?post=243855"}],"curies":[{"name":"wp","href":"https:\/\/api.w.org\/{rel}","templated":true}]}}