{"id":24389,"date":"2025-10-21T13:24:07","date_gmt":"2025-10-21T13:24:07","guid":{"rendered":"https:\/\/www.europesays.com\/ee\/24389\/"},"modified":"2025-10-21T13:24:07","modified_gmt":"2025-10-21T13:24:07","slug":"parempoolsed-lukkasid-rakveres-tagasi-isamaa-kutse-koalitsiooni-eesti","status":"publish","type":"post","link":"https:\/\/www.europesays.com\/ee\/24389\/","title":{"rendered":"Parempoolsed l\u00fckkasid Rakveres tagasi Isamaa kutse koalitsiooni | Eesti"},"content":{"rendered":"<p>Parempoolsed l\u00fckkasid tagasi Isamaa kutse koalitsiooni Rakvere linnas, kuna ei n\u00e4e ettepaneku taga siirast soovi koost\u00f6\u00f6ks. Isamaa sai Rakvere 21-liikmelises volikogus 11 mandaati ehk koalitsioonipartnerit enda k\u00f5rvale linna juhtimiseks ei vaja. <\/p>\n<p>Rakvere volikogus kaks mandaati saanud Parempoolsete hinnangul ei olnud Isamaa motiivid koalitsiooni moodustamiseks sisulised, vaid formaalsed.<\/p>\n<p>&#8220;Meile pakutud koost\u00f6\u00f6ettepanekust ei t\u00f5usnud esile Isamaa siiras tahe \u00fchtse ja v\u00f5rdse meeskonnana linna arendamisse panustada,&#8221; \u00fctles Parempoolsete Rakvere osakonna juht Siim Tuus. &#8220;Seda kinnitab ka Isamaa l\u00e4bir\u00e4\u00e4kija \u00fchismeedias \u00f6eldu \u2013 koalitsioon olevat vajalik p\u00f5hjusel, et volikogus on 21 kohast 11 saanud Isamaa \u00fclekaal liiga v\u00e4ike, &#8220;sest v\u00f5ib juhtuda, et keegi on haige, reisil vms.&#8221;&#8221;<\/p>\n<p>Parempoolsete hinnangul ei saa Rakvere linna juhtida niimoodi, et peamine mure on saadikute kohalviibimine, mitte linna sisuline juhtimine. &#8220;Me ei osale koalitsioonis, kus meie rolliks on pakkuda suuremale osapoolele v\u00f5imalust rahulikult puhkamas k\u00e4ia,&#8221; \u00fctles Tuus.<\/p>\n<p>Tuus lisas, et Isamaa l\u00e4henemine ei anna kindlust, et Parempoolsed saaksid koalitsioonis oma poliitikat ellu viia.<\/p>\n<p>Lisaks Isamaale ja Parempoolsetele p\u00e4\u00e4ses Rakvere volikokku EKRE nelja mandaadiga, SDE kahe mandaadiga ning Reformierakond ja Keskerakond kumbki \u00fche mandaadiga.<\/p>\n<p>Isamaa on Rakveres v\u00f5imul olnud 1993. aastast. P\u00e4rast 2021. aasta valimiste v\u00f5itmist s\u00f5lmis Isamaa koalitsiooni Keskerakonnaga ning Keskerakonna esimehe vahetudes liitusid Rakvere koalitsioonis olnud poliitikud Isamaa fraktsiooniga.<\/p>\n","protected":false},"excerpt":{"rendered":"Parempoolsed l\u00fckkasid tagasi Isamaa kutse koalitsiooni Rakvere linnas, kuna ei n\u00e4e ettepaneku taga siirast soovi koost\u00f6\u00f6ks. Isamaa sai&hellip;\n","protected":false},"author":2,"featured_media":24390,"comment_status":"","ping_status":"","sticky":false,"template":"","format":"standard","meta":{"footnotes":"","_share_on_mastodon":"0"},"categories":[5],"tags":[26,27,37,33,35,34,36,31,32,21,5080,28,29,19,1059,25,13568,23,24,22,20,30],"class_list":["post-24389","post","type-post","status-publish","format-standard","has-post-thumbnail","category-uldised-uudised","tag-breaking-news","tag-breakingnews","tag-ee","tag-eesti","tag-eesti-keel","tag-estonia","tag-estonian","tag-featured-news","tag-featurednews","tag-headlines","tag-kov2025","tag-latest-news","tag-latestnews","tag-news","tag-parempoolsed","tag-populaarseimad-lood","tag-rakvere-linnavalitsus","tag-top-stories","tag-topstories","tag-uldised-uudised","tag-uudised","tag-viimased-uudised"],"share_on_mastodon":{"url":"","error":""},"_links":{"self":[{"href":"https:\/\/www.europesays.com\/ee\/wp-json\/wp\/v2\/posts\/24389","targetHints":{"allow":["GET"]}}],"collection":[{"href":"https:\/\/www.europesays.com\/ee\/wp-json\/wp\/v2\/posts"}],"about":[{"href":"https:\/\/www.europesays.com\/ee\/wp-json\/wp\/v2\/types\/post"}],"author":[{"embeddable":true,"href":"https:\/\/www.europesays.com\/ee\/wp-json\/wp\/v2\/users\/2"}],"replies":[{"embeddable":true,"href":"https:\/\/www.europesays.com\/ee\/wp-json\/wp\/v2\/comments?post=24389"}],"version-history":[{"count":0,"href":"https:\/\/www.europesays.com\/ee\/wp-json\/wp\/v2\/posts\/24389\/revisions"}],"wp:featuredmedia":[{"embeddable":true,"href":"https:\/\/www.europesays.com\/ee\/wp-json\/wp\/v2\/media\/24390"}],"wp:attachment":[{"href":"https:\/\/www.europesays.com\/ee\/wp-json\/wp\/v2\/media?parent=24389"}],"wp:term":[{"taxonomy":"category","embeddable":true,"href":"https:\/\/www.europesays.com\/ee\/wp-json\/wp\/v2\/categories?post=24389"},{"taxonomy":"post_tag","embeddable":true,"href":"https:\/\/www.europesays.com\/ee\/wp-json\/wp\/v2\/tags?post=24389"}],"curies":[{"name":"wp","href":"https:\/\/api.w.org\/{rel}","templated":true}]}}