{"id":244003,"date":"2026-08-04T09:29:35","date_gmt":"2026-08-04T09:29:35","guid":{"rendered":"https:\/\/www.europesays.com\/ee\/244003\/"},"modified":"2026-08-04T09:29:35","modified_gmt":"2026-08-04T09:29:35","slug":"fotod-%e2%9f%a9-harjumaal-juhtunud-toukerattaonnetuses-hukkus-11-aastane-poiss","status":"publish","type":"post","link":"https:\/\/www.europesays.com\/ee\/244003\/","title":{"rendered":"FOTOD \u27e9 Harjumaal juhtunud t\u00f5ukeratta\u00f5nnetuses hukkus 11-aastane poiss"},"content":{"rendered":"<p class=\"x_MsoNormal\">H\u00e4irekeskus sai 29. juulil kella kahe paiku teate, et Harjumaal Anija vallas on juhtunud raske t\u00f5ukeratta\u00f5nnetus. P\u00f5hja prefektuuri operatiivjuhi Madis Allaku s\u00f5nul kaotas 11-aastane poiss esialgsetel andmetel elektrilist t\u00f5ukeratast KuKirin G2 Master juhtides sirgel teel\u00f5igul s\u00f5iduki \u00fcle kontrolli ja kukkus. \u00abKiirabi viis poisi haiglasse, kuid kahjuks ei \u00f5nnestunud meedikutel tema elu p\u00e4\u00e4sta ja ta suri laup\u00e4eva ennel\u00f5unal,\u00bb s\u00f5nas Allak.<\/p>\n","protected":false},"excerpt":{"rendered":"H\u00e4irekeskus sai 29. juulil kella kahe paiku teate, et Harjumaal Anija vallas on juhtunud raske t\u00f5ukeratta\u00f5nnetus. P\u00f5hja prefektuuri&hellip;\n","protected":false},"author":2,"featured_media":244004,"comment_status":"","ping_status":"","sticky":false,"template":"","format":"standard","meta":{"footnotes":"","_share_on_mastodon":"0"},"categories":[5],"tags":[96469,26,27,37,33,35,96470,34,36,31,32,10062,96468,21,566,82350,7137,96471,96473,28,29,2834,96472,19,11856,25,23,24,22,20,30],"class_list":["post-244003","post","type-post","status-publish","format-standard","has-post-thumbnail","category-uldised-uudised","tag-anija-vald","tag-breaking-news","tag-breakingnews","tag-ee","tag-eesti","tag-eesti-keel","tag-elektriline-toukeratas","tag-estonia","tag-estonian","tag-featured-news","tag-featurednews","tag-harjumaa","tag-harjumaa-toukeratta-onnetus","tag-headlines","tag-kiirabi","tag-kiivri-kandmine","tag-kriminaalmenetlus","tag-kukirin-g2-master","tag-laste-liiklusohutus","tag-latest-news","tag-latestnews","tag-liiklusohutus","tag-madis-allak","tag-news","tag-pohja-prefektuur","tag-populaarseimad-lood","tag-top-stories","tag-topstories","tag-uldised-uudised","tag-uudised","tag-viimased-uudised"],"share_on_mastodon":{"url":"","error":"Validation failed: Text character limit of 500 exceeded"},"_links":{"self":[{"href":"https:\/\/www.europesays.com\/ee\/wp-json\/wp\/v2\/posts\/244003","targetHints":{"allow":["GET"]}}],"collection":[{"href":"https:\/\/www.europesays.com\/ee\/wp-json\/wp\/v2\/posts"}],"about":[{"href":"https:\/\/www.europesays.com\/ee\/wp-json\/wp\/v2\/types\/post"}],"author":[{"embeddable":true,"href":"https:\/\/www.europesays.com\/ee\/wp-json\/wp\/v2\/users\/2"}],"replies":[{"embeddable":true,"href":"https:\/\/www.europesays.com\/ee\/wp-json\/wp\/v2\/comments?post=244003"}],"version-history":[{"count":0,"href":"https:\/\/www.europesays.com\/ee\/wp-json\/wp\/v2\/posts\/244003\/revisions"}],"wp:featuredmedia":[{"embeddable":true,"href":"https:\/\/www.europesays.com\/ee\/wp-json\/wp\/v2\/media\/244004"}],"wp:attachment":[{"href":"https:\/\/www.europesays.com\/ee\/wp-json\/wp\/v2\/media?parent=244003"}],"wp:term":[{"taxonomy":"category","embeddable":true,"href":"https:\/\/www.europesays.com\/ee\/wp-json\/wp\/v2\/categories?post=244003"},{"taxonomy":"post_tag","embeddable":true,"href":"https:\/\/www.europesays.com\/ee\/wp-json\/wp\/v2\/tags?post=244003"}],"curies":[{"name":"wp","href":"https:\/\/api.w.org\/{rel}","templated":true}]}}