{"id":244081,"date":"2026-08-04T11:08:24","date_gmt":"2026-08-04T11:08:24","guid":{"rendered":"https:\/\/www.europesays.com\/ee\/244081\/"},"modified":"2026-08-04T11:08:24","modified_gmt":"2026-08-04T11:08:24","slug":"juhtkiri-eesti-on-otsekui-oaas-loomavas-euroopas-magame-sajandi-voimaluse-maha-delfi","status":"publish","type":"post","link":"https:\/\/www.europesays.com\/ee\/244081\/","title":{"rendered":"JUHTKIRI | Eesti on otsekui oaas l\u00f5\u00f5mavas Euroopas. Magame sajandi v\u00f5imaluse maha &#8211; Delfi"},"content":{"rendered":"<ol>\n<li><a href=\"https:\/\/news.google.com\/rss\/articles\/CBMiyAFBVV95cUxNVHBMWTFjZm9Odm9IdjlvMm5uWnJRaWNSdFo3SUNxU0V5MHNWbGdGaXJyZFJoQURJMkJrR1dwZ1BzNTV3NTQ0MGNVajV6VW9QeFBud2ZjOUlFRkdScXpXLXNUVDZHb3hxNUpGZzVoNC1iZnZ4N1l3MEZvMHdCcVFSZl9tbTRibXY4WVpyRHNvbjRCQWx4TVBXYXg0aDczQm9abm9xdjY3cWs5SExMSDhSV2E5dkZUNFk0NnlLRXJQVXpZNlJIa0NSTw?oc=5\" target=\"_blank\" rel=\"nofollow noopener\">JUHTKIRI | Eesti on otsekui oaas l\u00f5\u00f5mavas Euroopas. Magame sajandi v\u00f5imaluse maha<\/a>&nbsp;&nbsp;Delfi<\/li>\n<li><a href=\"https:\/\/news.google.com\/rss\/articles\/CBMidkFVX3lxTE5xN0V3NFMyeUgyUHh3MWF2YzVjYzI2c3lXNEFwU0drRDN2YmZfQlYxSTROT0kxbHN6MU9UVlA5VE5nSWx2dXBMc2VIdm1xbkZrZ1diYV82dkEzTVVZUW5HYUdHZmNFR09DZjhkZWJ2MVQxc1cxeVE?oc=5\" target=\"_blank\" rel=\"nofollow noopener\">Kellele on kliimamuutusega tegelemine kahjulik?<\/a>&nbsp;&nbsp;Sirp<\/li>\n<li><a href=\"https:\/\/news.google.com\/rss\/articles\/CBMiigFBVV95cUxNRmtZaXhSTzJRMTdObGNFNVY4UTlZal9NcTdLVWRLQThuejkwYVAyaE5QVE1TNzk1M3JwU3NDa2JaTHlvQUlzV1JpQ2FqZ0pIZF9OT3dDVEdNV1V6UXlJa0lVY0R0UUluMDU4TUdhLUU4UW1UX0hXRDhVQmpsUVBxdHFIOTZZT0VZclE?oc=5\" target=\"_blank\" rel=\"nofollow noopener\">Tiit Maran: valitsus pakub kliimakindluse asemel ebakindlust<\/a>&nbsp;&nbsp;Sotsiaaldemokraatlik Erakond<\/li>\n<li><a href=\"https:\/\/news.google.com\/rss\/articles\/CBMi2gFBVV95cUxQbWtaTnRMTllCelZtVHEzbXkyMzFuaUFFclYwUzA4czF0QTFWaktmaUxOR2RvYlVLekQ0dFgwMGhZbEhzNHpJNVBCelN6ck5GRjNRRl9iMkJHQUQzTDN5c2tzV3Y1cHpNX1pRMnN6NlVpVnhZVEhXZzVkZC1qWF8tckpKVnM0T0NIdlNjSm9KdnRXNF9XX0ZlOWkxSnVkQ1NCNlVjQ2haenU4dmNLS0dDdTdkRkVqOC1OQ0dTRU9BTzVHMF9EcWxBS3htQk5KbTVUenVBU2tYRWFCQQ?oc=5\" target=\"_blank\" rel=\"nofollow noopener\">IGA SUVI ON EELMISEST SOOJEM | Hanah Lahe: vajame rohkem puid, jahedaid avalikke ruume ja l\u00e4bim\u00f5eldud kriisiplaane<\/a>&nbsp;&nbsp;\u00d5htuleht<\/li>\n<\/ol>\n","protected":false},"excerpt":{"rendered":"JUHTKIRI | Eesti on otsekui oaas l\u00f5\u00f5mavas Euroopas. Magame sajandi v\u00f5imaluse maha&nbsp;&nbsp;Delfi Kellele on kliimamuutusega tegelemine kahjulik?&nbsp;&nbsp;Sirp Tiit&hellip;\n","protected":false},"author":2,"featured_media":244082,"comment_status":"","ping_status":"","sticky":false,"template":"","format":"standard","meta":{"footnotes":"","_share_on_mastodon":"0"},"categories":[80],"tags":[26,27,37,33,35,2987,34,36,31,32,21,2354,2352,28,29,95,19,25,23,24,3436,22,20,30,92,93,94],"class_list":["post-244081","post","type-post","status-publish","format-standard","has-post-thumbnail","category-maailm","tag-breaking-news","tag-breakingnews","tag-ee","tag-eesti","tag-eesti-keel","tag-eisa","tag-estonia","tag-estonian","tag-featured-news","tag-featurednews","tag-headlines","tag-kliimamuutused","tag-kuumalaine","tag-latest-news","tag-latestnews","tag-maailm","tag-news","tag-populaarseimad-lood","tag-top-stories","tag-topstories","tag-turism","tag-uldised-uudised","tag-uudised","tag-viimased-uudised","tag-world","tag-world-news","tag-worldnews"],"share_on_mastodon":{"url":"https:\/\/pubeurope.com\/@ee\/117036928686044886","error":""},"_links":{"self":[{"href":"https:\/\/www.europesays.com\/ee\/wp-json\/wp\/v2\/posts\/244081","targetHints":{"allow":["GET"]}}],"collection":[{"href":"https:\/\/www.europesays.com\/ee\/wp-json\/wp\/v2\/posts"}],"about":[{"href":"https:\/\/www.europesays.com\/ee\/wp-json\/wp\/v2\/types\/post"}],"author":[{"embeddable":true,"href":"https:\/\/www.europesays.com\/ee\/wp-json\/wp\/v2\/users\/2"}],"replies":[{"embeddable":true,"href":"https:\/\/www.europesays.com\/ee\/wp-json\/wp\/v2\/comments?post=244081"}],"version-history":[{"count":0,"href":"https:\/\/www.europesays.com\/ee\/wp-json\/wp\/v2\/posts\/244081\/revisions"}],"wp:featuredmedia":[{"embeddable":true,"href":"https:\/\/www.europesays.com\/ee\/wp-json\/wp\/v2\/media\/244082"}],"wp:attachment":[{"href":"https:\/\/www.europesays.com\/ee\/wp-json\/wp\/v2\/media?parent=244081"}],"wp:term":[{"taxonomy":"category","embeddable":true,"href":"https:\/\/www.europesays.com\/ee\/wp-json\/wp\/v2\/categories?post=244081"},{"taxonomy":"post_tag","embeddable":true,"href":"https:\/\/www.europesays.com\/ee\/wp-json\/wp\/v2\/tags?post=244081"}],"curies":[{"name":"wp","href":"https:\/\/api.w.org\/{rel}","templated":true}]}}