{"id":244105,"date":"2026-08-04T11:50:09","date_gmt":"2026-08-04T11:50:09","guid":{"rendered":"https:\/\/www.europesays.com\/ee\/244105\/"},"modified":"2026-08-04T11:50:09","modified_gmt":"2026-08-04T11:50:09","slug":"ufc-valge-maja-gala-loppes-30-miljoni-dollari-suuruse-kahjumiga-voitlussport","status":"publish","type":"post","link":"https:\/\/www.europesays.com\/ee\/244105\/","title":{"rendered":"UFC Valge Maja gala l\u00f5ppes 30 miljoni dollari suuruse kahjumiga | V\u00f5itlussport"},"content":{"rendered":"<p>Valges Majas juunis peetud UFC suurejooneline v\u00f5itlus\u00f5htu Freedom 250 l\u00f5ppes korraldajatele ligi 30 miljoni dollari suuruse kahjumiga. Sellest hoolimata j\u00e4tkas UFC majandustulemuste paranemist ning emaettev\u00f5te TKO Group Holdings kasvatas teises kvartalis tulusid.<\/p>\n<p>Freedom 250 toimus USA iseseisvuse 250. aastap\u00e4eva t\u00e4histamise raames Valge Maja l\u00f5unamurul. Tegemist oli kutsetega \u00fcritusega, kus viibis hinnanguliselt 4300 k\u00fclalist, nende seas ka USA president Donald Trump ja asepresident JD Vance. Tavap\u00e4raseid pileteid m\u00fc\u00fcki ei pandud.<\/p>\n<p>TKO Groupi finantsjuht Andrew Schleimer \u00fctles investoritele, et \u00fcrituse korraldamine l\u00e4ks tavap\u00e4rasest oluliselt kallimaks. Osa kuludest \u00f5nnestus katta sponsorite, meedia\u00f5iguste ja partnerluslepingute abil, kuid sellest ei piisanud, et kogu v\u00e4ljaminek tagasi teenida.<\/p>\n<p>&#8220;Nii suure ja erilise \u00fcrituse puhul olime sellise tulemusega arvestanud. Ligikaudu 30 miljoni dollari suurune kahjum m\u00f5jutas siiski m\u00e4rgatavalt nii UFC kui ka kogu kontserni kasumlikkust,&#8221; s\u00f5nas Schleimer.<\/p>\n<p>Enne v\u00f5istlus\u00f5htut hinnati \u00fcrituse maksumuseks \u00fcle 60 miljoni dollari. Samuti kirjutasid USA v\u00e4ljaanded enne gala toimumist, et erik\u00fclaliste paketid v\u00f5isid maksta koguni 1,5 miljonit dollarit. UFC kinnitas, et selliseid pakette t\u00f5epoolest pakuti, kuid nende t\u00e4pset hinda ei avalikustatud.<\/p>\n<p>Donald Trumpi ja UFC presidendi Dana White&#8217;i l\u00e4hedased suhted on kestnud aastaid ning president osales ka sellel v\u00f5itlus\u00f5htul. \u00dcritust kandis eksklusiivselt \u00fcle voogedastusplatvorm Paramount+, sest eelmisel aastal s\u00f5lmis TKO Group ettev\u00f5ttega seitsmeaastase 7,7 miljardi dollari v\u00e4\u00e4rtuses meedia\u00f5iguste lepingu.<\/p>\n<p>Vaatamata Freedom 250 kahjumile oli \u00fcritus televaatajate seas v\u00e4ga menukas. UFC teatel j\u00e4lgis v\u00f5itlus\u00f5htut \u00fcle maailma keskmiselt 34 miljonit inimest, mis teeb sellest \u00fche vaadatuima MMA-\u00fcrituse l\u00e4bi aegade.<\/p>\n<p>TKO Group teatas \u00fchtlasi, et UFC teise kvartali k\u00e4ive kasvas aastaga 29 protsenti, ulatudes 535,7 miljoni dollarini. Suurima panuse andsid uued tele- ja meedia\u00f5iguste lepingud, mille tulu suurenes v\u00f5rreldes eelmise aastaga 64,7 miljoni dollari v\u00f5rra.<\/p>\n","protected":false},"excerpt":{"rendered":"Valges Majas juunis peetud UFC suurejooneline v\u00f5itlus\u00f5htu Freedom 250 l\u00f5ppes korraldajatele ligi 30 miljoni dollari suuruse kahjumiga. Sellest&hellip;\n","protected":false},"author":2,"featured_media":244106,"comment_status":"","ping_status":"","sticky":false,"template":"","format":"standard","meta":{"footnotes":"","_share_on_mastodon":"0"},"categories":[18],"tags":[37,33,35,34,36,90462,159,158,8056,96509],"class_list":["post-244105","post","type-post","status-publish","format-standard","has-post-thumbnail","category-sport","tag-ee","tag-eesti","tag-eesti-keel","tag-estonia","tag-estonian","tag-freedom-250","tag-sport","tag-sports","tag-ufc","tag-valge-maja-voitlusohtu"],"share_on_mastodon":{"url":"https:\/\/pubeurope.com\/@ee\/117037093573451648","error":""},"_links":{"self":[{"href":"https:\/\/www.europesays.com\/ee\/wp-json\/wp\/v2\/posts\/244105","targetHints":{"allow":["GET"]}}],"collection":[{"href":"https:\/\/www.europesays.com\/ee\/wp-json\/wp\/v2\/posts"}],"about":[{"href":"https:\/\/www.europesays.com\/ee\/wp-json\/wp\/v2\/types\/post"}],"author":[{"embeddable":true,"href":"https:\/\/www.europesays.com\/ee\/wp-json\/wp\/v2\/users\/2"}],"replies":[{"embeddable":true,"href":"https:\/\/www.europesays.com\/ee\/wp-json\/wp\/v2\/comments?post=244105"}],"version-history":[{"count":0,"href":"https:\/\/www.europesays.com\/ee\/wp-json\/wp\/v2\/posts\/244105\/revisions"}],"wp:featuredmedia":[{"embeddable":true,"href":"https:\/\/www.europesays.com\/ee\/wp-json\/wp\/v2\/media\/244106"}],"wp:attachment":[{"href":"https:\/\/www.europesays.com\/ee\/wp-json\/wp\/v2\/media?parent=244105"}],"wp:term":[{"taxonomy":"category","embeddable":true,"href":"https:\/\/www.europesays.com\/ee\/wp-json\/wp\/v2\/categories?post=244105"},{"taxonomy":"post_tag","embeddable":true,"href":"https:\/\/www.europesays.com\/ee\/wp-json\/wp\/v2\/tags?post=244105"}],"curies":[{"name":"wp","href":"https:\/\/api.w.org\/{rel}","templated":true}]}}