{"id":244129,"date":"2026-08-04T12:15:07","date_gmt":"2026-08-04T12:15:07","guid":{"rendered":"https:\/\/www.europesays.com\/ee\/244129\/"},"modified":"2026-08-04T12:15:07","modified_gmt":"2026-08-04T12:15:07","slug":"pohja-parnumaa-vallavanemaks-sai-endine-tallinna-abilinnapea-kaarel-oja-eesti","status":"publish","type":"post","link":"https:\/\/www.europesays.com\/ee\/244129\/","title":{"rendered":"P\u00f5hja-P\u00e4rnumaa vallavanemaks sai endine Tallinna abilinnapea Kaarel Oja | Eesti"},"content":{"rendered":"<p>P\u00f5hja-P\u00e4rnumaa vallavolikogu valis teisip\u00e4eval uueks vallavanemaks endise Tallinna abilinnapea Kaarel Oja (SDE).<\/p>\n<p>P\u00f5hja-P\u00e4rnumaa vallavolikogu valis teisip\u00e4evasel istungil uueks vallavanemaks Kaarel Oja, kes p\u00e4lvis salajasel h\u00e4\u00e4letusel 11 volikogu liikme toetuse. Teiseks kandidaadiks olnud Angela L\u00f5hmus kogus 10 h\u00e4\u00e4lt.<\/p>\n<p>Volikogu ees peetud s\u00f5nav\u00f5tus \u00fctles Oja, et tema eesm\u00e4rk on seista kogu P\u00f5hja-P\u00e4rnumaa valla ja selle elanike huvide eest.<\/p>\n<p>Oja s\u00f5nul ootavad uut vallavalitsust ees mitmed olulised teemad, sealhulgas j\u00e4rgmiste aastate eelarve koostamine, haridusv\u00f5rgu anal\u00fc\u00fcs ning Euroopa Liidu uue rahastusperioodi v\u00f5imaluste maksimaalne kasutamine P\u00f5hja-P\u00e4rnumaa arendamiseks.<\/p>\n<p>\u00a0Uus vallavanem plaanib moodustada viieliikmelise vallavalitsuse, kuhu kuuluvad lisaks temale majanduse ja ettev\u00f5tluse valdkonda juhtiv abivallavanem, hariduse, kultuuri ja sotsiaalvaldkonna eest vastutav abivallavanem ning veel kaks vallavalitsuse liiget.<\/p>\n<p>Novembrist 2021 kuni mullu s\u00fcgiseni oli Oja ametis Tallinna abilinnapeana.<\/p>\n<p>P\u00f5hja-P\u00e4rnumaa valla volikogusse kuulub 21 liiget. Selles on viis valimisliidu Tasakaal\u00a0liiget, viis saadikut erakonnast Isamaa, neli on valimisliidust Meie Vald, kolm saadikut kuulub Eesti Konservatiivsesse Rahvaerakonda (EKRE), kaks on valimisliidust Inimeste Eest, kaks valimisliidust Uus Plaan.<\/p>\n","protected":false},"excerpt":{"rendered":"P\u00f5hja-P\u00e4rnumaa vallavolikogu valis teisip\u00e4eval uueks vallavanemaks endise Tallinna abilinnapea Kaarel Oja (SDE). P\u00f5hja-P\u00e4rnumaa vallavolikogu valis teisip\u00e4evasel istungil uueks&hellip;\n","protected":false},"author":2,"featured_media":244130,"comment_status":"","ping_status":"","sticky":false,"template":"","format":"standard","meta":{"footnotes":"","_share_on_mastodon":"0"},"categories":[12],"tags":[26,27,37,33,35,34,36,31,32,21,19097,28,29,19,2045,25,23,24,22,20,4009,30],"class_list":["post-244129","post","type-post","status-publish","format-standard","has-post-thumbnail","category-eesti","tag-breaking-news","tag-breakingnews","tag-ee","tag-eesti","tag-eesti-keel","tag-estonia","tag-estonian","tag-featured-news","tag-featurednews","tag-headlines","tag-kaarel-oja","tag-latest-news","tag-latestnews","tag-news","tag-pohja-parnumaa-vald","tag-populaarseimad-lood","tag-top-stories","tag-topstories","tag-uldised-uudised","tag-uudised","tag-vallavanem","tag-viimased-uudised"],"share_on_mastodon":{"url":"","error":""},"_links":{"self":[{"href":"https:\/\/www.europesays.com\/ee\/wp-json\/wp\/v2\/posts\/244129","targetHints":{"allow":["GET"]}}],"collection":[{"href":"https:\/\/www.europesays.com\/ee\/wp-json\/wp\/v2\/posts"}],"about":[{"href":"https:\/\/www.europesays.com\/ee\/wp-json\/wp\/v2\/types\/post"}],"author":[{"embeddable":true,"href":"https:\/\/www.europesays.com\/ee\/wp-json\/wp\/v2\/users\/2"}],"replies":[{"embeddable":true,"href":"https:\/\/www.europesays.com\/ee\/wp-json\/wp\/v2\/comments?post=244129"}],"version-history":[{"count":0,"href":"https:\/\/www.europesays.com\/ee\/wp-json\/wp\/v2\/posts\/244129\/revisions"}],"wp:featuredmedia":[{"embeddable":true,"href":"https:\/\/www.europesays.com\/ee\/wp-json\/wp\/v2\/media\/244130"}],"wp:attachment":[{"href":"https:\/\/www.europesays.com\/ee\/wp-json\/wp\/v2\/media?parent=244129"}],"wp:term":[{"taxonomy":"category","embeddable":true,"href":"https:\/\/www.europesays.com\/ee\/wp-json\/wp\/v2\/categories?post=244129"},{"taxonomy":"post_tag","embeddable":true,"href":"https:\/\/www.europesays.com\/ee\/wp-json\/wp\/v2\/tags?post=244129"}],"curies":[{"name":"wp","href":"https:\/\/api.w.org\/{rel}","templated":true}]}}