{"id":244179,"date":"2026-08-04T13:22:22","date_gmt":"2026-08-04T13:22:22","guid":{"rendered":"https:\/\/www.europesays.com\/ee\/244179\/"},"modified":"2026-08-04T13:22:22","modified_gmt":"2026-08-04T13:22:22","slug":"jarelvaadatav-%e2%9f%a9-pohja-parnumaa-volikogu-valis-vallavanemat","status":"publish","type":"post","link":"https:\/\/www.europesays.com\/ee\/244179\/","title":{"rendered":"J\u00c4RELVAADATAV \u27e9 P\u00f5hja-P\u00e4rnumaa volikogu valis vallavanemat"},"content":{"rendered":"<p>P\u00f5hja-P\u00e4rnumaa on poliitiliste t\u00f5mbetuulte keerises elanud juba pikemat aega. Aprillis lagunes koalitsioon, kuhu kuulusid valimisliidud Meie Vald ja Tasakaal ning erakond Isamaa. Volikogu esimehe kohalt lahkus Andres Metsoja (Isamaa).<\/p>\n<p>Mai alguses s\u00fcndis uus koalitsioon ja volikogu esimeheks valiti Jaanus Rahula (valimisliit Inimeste Eest). V\u00f5imuliidu moodustasid Tasakaal, Meie Vald ja Inimeste Eest. Liiduga \u00fchines Maarja Maranik, kes p\u00e4\u00e4ses volikokku Eesti Konservatiivse Rahvaerakonna (EKRE) ridades ja kelle abikaasa Urmas Maranik kuulub valimisliitu Inimeste Eest. Koalitsioonil on 21-liikmelises volikogus 12 mandaati.<\/p>\n<p>Juuni alguses teatas senine vallavanem Madis Koit (valimisliit Tasakaal), et ta paneb 16. juunil ameti maha. Sealt alates ongi P\u00f5hja-P\u00e4rnumaa vallavalitsus olnud t\u00f6\u00f6v\u00f5imetu. Selleks, et vallavalitsus oleks t\u00f6\u00f6v\u00f5imeline, peab olema v\u00e4hemalt kaks vallavalitsuse liiget. Abivallavanem Tarvi Tasane saab vallavalitsuse liikmena k\u00fcll allkirjastada dokumente ja lahendada igap\u00e4evaelu k\u00fcsimusi, kuid need asjad, mis n\u00f5uavad vallavalitsuse otsust, nagu ehitusload ja projekteerimistingimused, praegu seisavad.<\/p>\n<p>N\u00fc\u00fcd on lootust, et P\u00f5hja-P\u00e4rnumaa saab omale uue vallavanema, abivallavanema ja valitsuse liikmed.<\/p>\n<p>Koalitsioon on vallavanema kandidaadina v\u00e4lja k\u00e4inud kunagise Tallinna abilinnapea Kaarel Oja, kellel on \u00fcle k\u00fcmne aasta olnud suvekodu P\u00f5hja-P\u00e4rnumaa vallas Kaelase m\u00f5isa l\u00e4histel.<\/p>\n<p>Oja on olnud teater NO99 tegevjuht, Vaba Lava arendus- ja tegevjuht ning Telliskivi loomelinnaku sisu- ja tegevjuht, \u00f5ppematerjalide kirjastuse Maurus juhatuse liige, \u00e4rin\u00f5ustamisettev\u00f5tte Miltton strateeg-loovjuht ja turundussuuna juht. Ta on olnud Sotsiaaldemokraatliku Erakonna esimehe n\u00f5unik ja kampaaniajuht. 2021\u20132025 oli ta Tallinna abilinnapea.<\/p>\n<p>Opositsiooni kuuluvad Isamaa, EKRE ja valimisliit Uus Plaan leiavad, et uueks vallavanemaks sobiks h\u00e4sti praegune V\u00e4ndra lasteaia juhataja Angela L\u00f5hmus. L\u00f5hmus on varem olnud T\u00fcri lasteaia majandusjuhataja ja kunagise sotsiaalkaitseministri Kaia Iva n\u00f5unik.<\/p>\n<p>Volikogu maiistungil umbusaldati senist majanduse, arengu ja planeerimisvaldkonna abivallavanemat Birjo Piiroja (Isamaa). Sestap tuleb v\u00f5imuliidul sellessegi ametisse keegi leida. Uues vallavalitsuses tuleks peale vallavanema ja kahe abivallavanema v\u00f5tta juurde mittepalgalisi vallavalitsuse liikmeid. Samasugust struktuuri kasutati P\u00f5hja-P\u00e4rnumaa valla juhtimises ka enne eelmisi kohalikke valimisi. Volikogu esimehe Jaanus Rahula \u00fctlust m\u00f6\u00f6da aitab viieliikmeline vallavalitsuse struktuur \u00e4ra hoida praegust ummikseisu.<\/p>\n","protected":false},"excerpt":{"rendered":"P\u00f5hja-P\u00e4rnumaa on poliitiliste t\u00f5mbetuulte keerises elanud juba pikemat aega. Aprillis lagunes koalitsioon, kuhu kuulusid valimisliidud Meie Vald ja&hellip;\n","protected":false},"author":2,"featured_media":244180,"comment_status":"","ping_status":"","sticky":false,"template":"","format":"standard","meta":{"footnotes":"","_share_on_mastodon":"0"},"categories":[12],"tags":[96545,26,27,37,33,35,34,36,31,32,21,19097,28,29,19,2045,96543,96544,25,23,24,22,20,4009,30],"class_list":["post-244179","post","type-post","status-publish","format-standard","has-post-thumbnail","category-eesti","tag-angela-lohmus","tag-breaking-news","tag-breakingnews","tag-ee","tag-eesti","tag-eesti-keel","tag-estonia","tag-estonian","tag-featured-news","tag-featurednews","tag-headlines","tag-kaarel-oja","tag-latest-news","tag-latestnews","tag-news","tag-pohja-parnumaa-vald","tag-pohja-parnumaa-vallavalitsus","tag-pohja-parnumaa-volikogu","tag-populaarseimad-lood","tag-top-stories","tag-topstories","tag-uldised-uudised","tag-uudised","tag-vallavanem","tag-viimased-uudised"],"share_on_mastodon":{"url":"https:\/\/pubeurope.com\/@ee\/117037455733968613","error":""},"_links":{"self":[{"href":"https:\/\/www.europesays.com\/ee\/wp-json\/wp\/v2\/posts\/244179","targetHints":{"allow":["GET"]}}],"collection":[{"href":"https:\/\/www.europesays.com\/ee\/wp-json\/wp\/v2\/posts"}],"about":[{"href":"https:\/\/www.europesays.com\/ee\/wp-json\/wp\/v2\/types\/post"}],"author":[{"embeddable":true,"href":"https:\/\/www.europesays.com\/ee\/wp-json\/wp\/v2\/users\/2"}],"replies":[{"embeddable":true,"href":"https:\/\/www.europesays.com\/ee\/wp-json\/wp\/v2\/comments?post=244179"}],"version-history":[{"count":0,"href":"https:\/\/www.europesays.com\/ee\/wp-json\/wp\/v2\/posts\/244179\/revisions"}],"wp:featuredmedia":[{"embeddable":true,"href":"https:\/\/www.europesays.com\/ee\/wp-json\/wp\/v2\/media\/244180"}],"wp:attachment":[{"href":"https:\/\/www.europesays.com\/ee\/wp-json\/wp\/v2\/media?parent=244179"}],"wp:term":[{"taxonomy":"category","embeddable":true,"href":"https:\/\/www.europesays.com\/ee\/wp-json\/wp\/v2\/categories?post=244179"},{"taxonomy":"post_tag","embeddable":true,"href":"https:\/\/www.europesays.com\/ee\/wp-json\/wp\/v2\/tags?post=244179"}],"curies":[{"name":"wp","href":"https:\/\/api.w.org\/{rel}","templated":true}]}}